{"id":163543,"date":"2021-09-12T06:09:37","date_gmt":"2021-09-12T10:09:37","guid":{"rendered":"https:\/\/mspontocom.com.br\/site\/?p=163543"},"modified":"2021-09-12T06:09:37","modified_gmt":"2021-09-12T10:09:37","slug":"pesquisa-aponta-que-65-milhoes-de-eleitores-sao-classificados-como-ultraconservadores","status":"publish","type":"post","link":"https:\/\/mspontocom.com.br\/site\/pesquisa-aponta-que-65-milhoes-de-eleitores-sao-classificados-como-ultraconservadores\/","title":{"rendered":"Pesquisa aponta que 6,5 milh\u00f5es de eleitores s\u00e3o classificados como ultraconservadores"},"content":{"rendered":"<p style=\"text-align: justify;\"><img loading=\"lazy\" class=\"alignnone size-full wp-image-163545\" src=\"https:\/\/mspontocom.com.br\/site\/wp-content\/uploads\/2021\/09\/site-pesquisa-aponta-que-65-milhoes-de-eleitores-sao-classificados-como-ultraconservadores-conserva-e1631441317673.png\" alt=\"\" width=\"1065\" height=\"531\" srcset=\"https:\/\/mspontocom.com.br\/site\/wp-content\/uploads\/2021\/09\/site-pesquisa-aponta-que-65-milhoes-de-eleitores-sao-classificados-como-ultraconservadores-conserva-e1631441317673.png 1065w, https:\/\/mspontocom.com.br\/site\/wp-content\/uploads\/2021\/09\/site-pesquisa-aponta-que-65-milhoes-de-eleitores-sao-classificados-como-ultraconservadores-conserva-e1631441317673-260x130.png 260w, https:\/\/mspontocom.com.br\/site\/wp-content\/uploads\/2021\/09\/site-pesquisa-aponta-que-65-milhoes-de-eleitores-sao-classificados-como-ultraconservadores-conserva-e1631441317673-768x383.png 768w, https:\/\/mspontocom.com.br\/site\/wp-content\/uploads\/2021\/09\/site-pesquisa-aponta-que-65-milhoes-de-eleitores-sao-classificados-como-ultraconservadores-conserva-e1631441317673-1024x511.png 1024w\" sizes=\"(max-width: 1065px) 100vw, 1065px\" \/>Uma pesquisa in\u00e9dita do\u00a0<strong>Instituto Locomotiva<\/strong>\u00a0feita por telefone com 2.600 pessoas de 71 cidades do Pa\u00eds com\u00a0 dados, obtidos com exclusividade pelo\u00a0<strong>Estad\u00e3o<\/strong>, apontam que 4% do eleitorado brasileiro \u2013 o que equivale a\u00a0<strong>6,5 milh\u00f5es de pessoas<\/strong>\u00a0\u2013 defendem ideias classificadas como\u00a0<strong>ultraconservadoras<\/strong>.<\/p>\n<p style=\"text-align: justify;\">Para chegar a essa conclus\u00e3o, o levantamento selecionou um n\u00facleo de entrevistados que respondeu afirmativamente a tr\u00eas quest\u00f5es: 1) o Estado brasileiro n\u00e3o deve ser laico, mas crist\u00e3o; 2) mais pessoas devem ter acesso ao porte de armas; 3) as mulheres s\u00e3o melhores para fazer atividades dom\u00e9sticas.<\/p>\n<p style=\"text-align: justify;\">Dentro do universo total de entrevistados, 24% concordaram com a primeira afirma\u00e7\u00e3o estimulada, 28% com a segunda, 17% com a terceira e 4% com as tr\u00eas. Esse \u00faltimo grupo, ent\u00e3o, respondeu a outro question\u00e1rio com temas como cotas raciais, casamento gay e urnas eletr\u00f4nicas.<\/p>\n<p style=\"text-align: justify;\">Ainda dentro do recorte dos ultraconservadores, 63% dos entrevistados opinaram que cotas para negros prejudicam a sociedade, 70% disseram que pessoas do mesmo sexo n\u00e3o podem se casar e 54% pregaram que a pol\u00edcia tem de ser violenta para combater o crime. A pol\u00eamica do voto impresso tamb\u00e9m entrou no question\u00e1rio: 63% desconfiam das urnas eletr\u00f4nicas.<\/p>\n<p style=\"text-align: justify;\">Em outro ponto, 43% dos ultraconservadores disseram que a \u201crevolu\u00e7\u00e3o\u201d de 1964 foi \u201cboa\u201d, e 70%, que a B\u00edblia tem a receita completa do que \u00e9 certo e errado. No universo ultraconservador, 60% s\u00e3o homens.<\/p>\n<p style=\"text-align: justify;\">\n<p style=\"text-align: justify;\">fonte: O Estad\u00e3o<\/p>\n","protected":false},"excerpt":{"rendered":"<p>Uma pesquisa in\u00e9dita do\u00a0Instituto Locomotiva\u00a0feita por telefone com 2.600 pessoas de 71 cidades do Pa\u00eds com\u00a0 dados, obtidos com exclusividade pelo\u00a0Estad\u00e3o, apontam que 4% do eleitorado brasileiro \u2013 o que equivale a\u00a06,5 milh\u00f5es de pessoas\u00a0\u2013 defendem ideias classificadas como\u00a0ultraconservadoras. Para chegar a essa conclus\u00e3o, o levantamento selecionou um n\u00facleo de entrevistados que respondeu afirmativamente a [&hellip;]<\/p>\n","protected":false},"author":2,"featured_media":163545,"comment_status":"open","ping_status":"open","sticky":false,"template":"","format":"standard","meta":{"_monsterinsights_skip_tracking":false,"_monsterinsights_sitenote_active":false,"_monsterinsights_sitenote_note":"","_monsterinsights_sitenote_category":0},"categories":[6,30260,30259],"tags":[],"aioseo_notices":[],"_links":{"self":[{"href":"https:\/\/mspontocom.com.br\/site\/wp-json\/wp\/v2\/posts\/163543"}],"collection":[{"href":"https:\/\/mspontocom.com.br\/site\/wp-json\/wp\/v2\/posts"}],"about":[{"href":"https:\/\/mspontocom.com.br\/site\/wp-json\/wp\/v2\/types\/post"}],"author":[{"embeddable":true,"href":"https:\/\/mspontocom.com.br\/site\/wp-json\/wp\/v2\/users\/2"}],"replies":[{"embeddable":true,"href":"https:\/\/mspontocom.com.br\/site\/wp-json\/wp\/v2\/comments?post=163543"}],"version-history":[{"count":2,"href":"https:\/\/mspontocom.com.br\/site\/wp-json\/wp\/v2\/posts\/163543\/revisions"}],"predecessor-version":[{"id":163546,"href":"https:\/\/mspontocom.com.br\/site\/wp-json\/wp\/v2\/posts\/163543\/revisions\/163546"}],"wp:featuredmedia":[{"embeddable":true,"href":"https:\/\/mspontocom.com.br\/site\/wp-json\/wp\/v2\/media\/163545"}],"wp:attachment":[{"href":"https:\/\/mspontocom.com.br\/site\/wp-json\/wp\/v2\/media?parent=163543"}],"wp:term":[{"taxonomy":"category","embeddable":true,"href":"https:\/\/mspontocom.com.br\/site\/wp-json\/wp\/v2\/categories?post=163543"},{"taxonomy":"post_tag","embeddable":true,"href":"https:\/\/mspontocom.com.br\/site\/wp-json\/wp\/v2\/tags?post=163543"}],"curies":[{"name":"wp","href":"https:\/\/api.w.org\/{rel}","templated":true}]}}