{"id":163555,"date":"2021-09-13T04:51:41","date_gmt":"2021-09-13T08:51:41","guid":{"rendered":"https:\/\/mspontocom.com.br\/site\/?p=163555"},"modified":"2021-09-13T04:51:41","modified_gmt":"2021-09-13T08:51:41","slug":"depois-das-ferias-prolongadas-cpi-volta-a-se-preocupar-com-a-covid-nesta-semana","status":"publish","type":"post","link":"https:\/\/mspontocom.com.br\/site\/depois-das-ferias-prolongadas-cpi-volta-a-se-preocupar-com-a-covid-nesta-semana\/","title":{"rendered":"Depois das f\u00e9rias prolongadas CPI volta a se &#8220;preocupar&#8221; com a Covid nesta semana"},"content":{"rendered":"<p style=\"text-align: justify;\"><img loading=\"lazy\" class=\"alignnone size-full wp-image-163556\" src=\"https:\/\/mspontocom.com.br\/site\/wp-content\/uploads\/2021\/09\/site-depois-da-ferias-prolongadas-cpi-volta-a-se-preocupar-com-a-covid-nesta-semana-aziz-renan-randolfe-covid-19-e1631523044385.jpg\" alt=\"\" width=\"788\" height=\"410\" srcset=\"https:\/\/mspontocom.com.br\/site\/wp-content\/uploads\/2021\/09\/site-depois-da-ferias-prolongadas-cpi-volta-a-se-preocupar-com-a-covid-nesta-semana-aziz-renan-randolfe-covid-19-e1631523044385.jpg 788w, https:\/\/mspontocom.com.br\/site\/wp-content\/uploads\/2021\/09\/site-depois-da-ferias-prolongadas-cpi-volta-a-se-preocupar-com-a-covid-nesta-semana-aziz-renan-randolfe-covid-19-e1631523044385-260x135.jpg 260w, https:\/\/mspontocom.com.br\/site\/wp-content\/uploads\/2021\/09\/site-depois-da-ferias-prolongadas-cpi-volta-a-se-preocupar-com-a-covid-nesta-semana-aziz-renan-randolfe-covid-19-e1631523044385-768x400.jpg 768w\" sizes=\"(max-width: 788px) 100vw, 788px\" \/>Depois de enforcar o feriad\u00e3o, a CPI da Covid retoma os &#8220;trabalhos nesta semana, como se a pandemia tamb\u00e9m sa\u00edsse de f\u00e9rias.<\/p>\n<p style=\"text-align: justify;\">Em reuni\u00e3o por videoconfer\u00eancia realizada neste domingo (12), a CPI da Covid decidiu marcar para os dias 28 e 29 de setembro a vota\u00e7\u00e3o do relat\u00f3rio final do senador Renan Calheiros (MDB-AL), estendendo os trabalhos por mais uma semana.<\/p>\n<p style=\"text-align: justify;\">Na pr\u00f3xima ter\u00e7a-feira (14), os senadores ouvir\u00e3o Marcos Tolentino, s\u00f3cio do Fib Bank.<\/p>\n<p style=\"text-align: justify;\">J\u00e1 na quarta (15) ser\u00e1 a vez de ouvir Marconny Albernaz Faria, apontado como lobista da Precisa.<\/p>\n<p style=\"text-align: justify;\">De acordo com o senador Randolfe Randolfe, a CPI deve decidir nesta semana se vota o requerimento do senador Alessandro Vieira (Cidadania-SE), para convocar Ana Cristina Valle, ex-mulher do presidente Jair Bolsonaro e m\u00e3e de Jair Renan.<\/p>\n","protected":false},"excerpt":{"rendered":"<p>Depois de enforcar o feriad\u00e3o, a CPI da Covid retoma os &#8220;trabalhos nesta semana, como se a pandemia tamb\u00e9m sa\u00edsse de f\u00e9rias. Em reuni\u00e3o por videoconfer\u00eancia realizada neste domingo (12), a CPI da Covid decidiu marcar para os dias 28 e 29 de setembro a vota\u00e7\u00e3o do relat\u00f3rio final do senador Renan Calheiros (MDB-AL), estendendo [&hellip;]<\/p>\n","protected":false},"author":2,"featured_media":163556,"comment_status":"open","ping_status":"open","sticky":false,"template":"","format":"standard","meta":{"_monsterinsights_skip_tracking":false,"_monsterinsights_sitenote_active":false,"_monsterinsights_sitenote_note":"","_monsterinsights_sitenote_category":0},"categories":[6,30260,30259],"tags":[],"aioseo_notices":[],"_links":{"self":[{"href":"https:\/\/mspontocom.com.br\/site\/wp-json\/wp\/v2\/posts\/163555"}],"collection":[{"href":"https:\/\/mspontocom.com.br\/site\/wp-json\/wp\/v2\/posts"}],"about":[{"href":"https:\/\/mspontocom.com.br\/site\/wp-json\/wp\/v2\/types\/post"}],"author":[{"embeddable":true,"href":"https:\/\/mspontocom.com.br\/site\/wp-json\/wp\/v2\/users\/2"}],"replies":[{"embeddable":true,"href":"https:\/\/mspontocom.com.br\/site\/wp-json\/wp\/v2\/comments?post=163555"}],"version-history":[{"count":1,"href":"https:\/\/mspontocom.com.br\/site\/wp-json\/wp\/v2\/posts\/163555\/revisions"}],"predecessor-version":[{"id":163557,"href":"https:\/\/mspontocom.com.br\/site\/wp-json\/wp\/v2\/posts\/163555\/revisions\/163557"}],"wp:featuredmedia":[{"embeddable":true,"href":"https:\/\/mspontocom.com.br\/site\/wp-json\/wp\/v2\/media\/163556"}],"wp:attachment":[{"href":"https:\/\/mspontocom.com.br\/site\/wp-json\/wp\/v2\/media?parent=163555"}],"wp:term":[{"taxonomy":"category","embeddable":true,"href":"https:\/\/mspontocom.com.br\/site\/wp-json\/wp\/v2\/categories?post=163555"},{"taxonomy":"post_tag","embeddable":true,"href":"https:\/\/mspontocom.com.br\/site\/wp-json\/wp\/v2\/tags?post=163555"}],"curies":[{"name":"wp","href":"https:\/\/api.w.org\/{rel}","templated":true}]}}