{"id":163561,"date":"2021-09-13T05:11:56","date_gmt":"2021-09-13T09:11:56","guid":{"rendered":"https:\/\/mspontocom.com.br\/site\/?p=163561"},"modified":"2021-09-13T07:18:57","modified_gmt":"2021-09-13T11:18:57","slug":"fracasso-das-manifestacoes-provocam-memes-nas-redes-sociais","status":"publish","type":"post","link":"https:\/\/mspontocom.com.br\/site\/fracasso-das-manifestacoes-provocam-memes-nas-redes-sociais\/","title":{"rendered":"Fracasso das manifesta\u00e7\u00f5es provocam memes nas redes sociais"},"content":{"rendered":"<p style=\"text-align: justify;\"><img loading=\"lazy\" class=\"alignnone size-full wp-image-163575\" src=\"https:\/\/mspontocom.com.br\/site\/wp-content\/uploads\/2021\/09\/site-fracasso-das-manifestacoes-provocam-memes-nas-redes-sociais-home-e1631531841738.png\" alt=\"\" width=\"845\" height=\"665\" srcset=\"https:\/\/mspontocom.com.br\/site\/wp-content\/uploads\/2021\/09\/site-fracasso-das-manifestacoes-provocam-memes-nas-redes-sociais-home-e1631531841738.png 845w, https:\/\/mspontocom.com.br\/site\/wp-content\/uploads\/2021\/09\/site-fracasso-das-manifestacoes-provocam-memes-nas-redes-sociais-home-e1631531841738-260x205.png 260w, https:\/\/mspontocom.com.br\/site\/wp-content\/uploads\/2021\/09\/site-fracasso-das-manifestacoes-provocam-memes-nas-redes-sociais-home-e1631531841738-768x604.png 768w\" sizes=\"(max-width: 845px) 100vw, 845px\" \/>Palco tradicional de manifesta\u00e7\u00f5es populares em Bras\u00edlia, a Esplanada dos Minist\u00e9rios estava vazia nos protestos marcados contra o governo de Jair Bolsonaro.<\/p>\n<p style=\"text-align: justify;\">O mesmo quadro p\u00f4de ser constatado em todas as cidades \u2013 quinze capitais, segundo os organizadores \u2013 onde o ato foi realizado.<\/p>\n<p style=\"text-align: justify;\">O fracasso das manifesta\u00e7\u00f5es fez proliferar nas redes sociais memes ironizando a aus\u00eancia de pessoas nas ruas.<\/p>\n<p style=\"text-align: justify;\">Um deles recomendava que o ex-ministro da Sa\u00fade <strong>Luiz Henrique Mendetta<\/strong> poderia aparecer na Avenida Paulista, onde <strong>a manifesta\u00e7\u00e3o respeitava o isolamento.<\/strong><\/p>\n<p style=\"text-align: justify;\">Em outro meme muito reproduzido um homem registrava que na manifesta\u00e7\u00e3o em S\u00e3o Paulo n\u00e3o se viam negros \u201ce nem brancos, amarelos, n\u00e3o se via ningu\u00e9m\u201d.<\/p>\n<p style=\"text-align: justify;\">Viralizaram v\u00eddeos de goza\u00e7\u00e3o. No Rio De Janeiro, por exemplo, um homem aparece em videoself correndo na Avenida Atl\u00e2ntica, em Copacabana, espa\u00e7o tradicional dos protestos, e avisa que \u201ctentaria passar\u201d no meio do protesto, mas era goza\u00e7\u00e3o: as imagens mostravam algumas poucas dezenas\u00a0 de pessoas em torno de um carro-de-som.<\/p>\n<p style=\"text-align: justify;\"><strong>Outro v\u00eddeo dizia que a manifesta\u00e7\u00e3o tinha sido home-office na avenida Paulista.<\/strong><\/p>\n","protected":false},"excerpt":{"rendered":"<p>Palco tradicional de manifesta\u00e7\u00f5es populares em Bras\u00edlia, a Esplanada dos Minist\u00e9rios estava vazia nos protestos marcados contra o governo de Jair Bolsonaro. O mesmo quadro p\u00f4de ser constatado em todas as cidades \u2013 quinze capitais, segundo os organizadores \u2013 onde o ato foi realizado. O fracasso das manifesta\u00e7\u00f5es fez proliferar nas redes sociais memes ironizando [&hellip;]<\/p>\n","protected":false},"author":2,"featured_media":163575,"comment_status":"open","ping_status":"open","sticky":false,"template":"","format":"standard","meta":{"_monsterinsights_skip_tracking":false,"_monsterinsights_sitenote_active":false,"_monsterinsights_sitenote_note":"","_monsterinsights_sitenote_category":0},"categories":[6,30259],"tags":[],"aioseo_notices":[],"_links":{"self":[{"href":"https:\/\/mspontocom.com.br\/site\/wp-json\/wp\/v2\/posts\/163561"}],"collection":[{"href":"https:\/\/mspontocom.com.br\/site\/wp-json\/wp\/v2\/posts"}],"about":[{"href":"https:\/\/mspontocom.com.br\/site\/wp-json\/wp\/v2\/types\/post"}],"author":[{"embeddable":true,"href":"https:\/\/mspontocom.com.br\/site\/wp-json\/wp\/v2\/users\/2"}],"replies":[{"embeddable":true,"href":"https:\/\/mspontocom.com.br\/site\/wp-json\/wp\/v2\/comments?post=163561"}],"version-history":[{"count":3,"href":"https:\/\/mspontocom.com.br\/site\/wp-json\/wp\/v2\/posts\/163561\/revisions"}],"predecessor-version":[{"id":163577,"href":"https:\/\/mspontocom.com.br\/site\/wp-json\/wp\/v2\/posts\/163561\/revisions\/163577"}],"wp:featuredmedia":[{"embeddable":true,"href":"https:\/\/mspontocom.com.br\/site\/wp-json\/wp\/v2\/media\/163575"}],"wp:attachment":[{"href":"https:\/\/mspontocom.com.br\/site\/wp-json\/wp\/v2\/media?parent=163561"}],"wp:term":[{"taxonomy":"category","embeddable":true,"href":"https:\/\/mspontocom.com.br\/site\/wp-json\/wp\/v2\/categories?post=163561"},{"taxonomy":"post_tag","embeddable":true,"href":"https:\/\/mspontocom.com.br\/site\/wp-json\/wp\/v2\/tags?post=163561"}],"curies":[{"name":"wp","href":"https:\/\/api.w.org\/{rel}","templated":true}]}}