{"id":163604,"date":"2021-09-14T05:21:39","date_gmt":"2021-09-14T09:21:39","guid":{"rendered":"https:\/\/mspontocom.com.br\/site\/?p=163604"},"modified":"2021-09-14T05:21:39","modified_gmt":"2021-09-14T09:21:39","slug":"bolsonaro-mostrou-desprendimento-pessoal-ao-divulgar-nota-diz-fiesp","status":"publish","type":"post","link":"https:\/\/mspontocom.com.br\/site\/bolsonaro-mostrou-desprendimento-pessoal-ao-divulgar-nota-diz-fiesp\/","title":{"rendered":"\u2018Bolsonaro mostrou desprendimento pessoal\u2019 ao divulgar nota, diz FIESP"},"content":{"rendered":"<p>&nbsp;<\/p>\n<p><img loading=\"lazy\" class=\"size-full wp-image-163606\" src=\"https:\/\/mspontocom.com.br\/site\/wp-content\/uploads\/2021\/09\/site-bolsonaro-mostrou-desprendimento-pessoal-ao-divulgar-nota-diz-fiesp-fiesp-e1631611237956.jpg\" alt=\"\" width=\"625\" height=\"363\" srcset=\"https:\/\/mspontocom.com.br\/site\/wp-content\/uploads\/2021\/09\/site-bolsonaro-mostrou-desprendimento-pessoal-ao-divulgar-nota-diz-fiesp-fiesp-e1631611237956.jpg 625w, https:\/\/mspontocom.com.br\/site\/wp-content\/uploads\/2021\/09\/site-bolsonaro-mostrou-desprendimento-pessoal-ao-divulgar-nota-diz-fiesp-fiesp-e1631611237956-260x151.jpg 260w\" sizes=\"(max-width: 625px) 100vw, 625px\" \/><\/p>\n<p style=\"text-align: justify;\">O presidente Federa\u00e7\u00e3o das Ind\u00fastrias do Estado de S\u00e3o Paulo (FIESP), Paulo Skaf, elogiou em entrevista \u00e0\u00a0<em>R\u00e1dio Eldorado\u00a0<\/em>a atitude do presidente Jair Bolsonaro\u00a0de publicar uma nota na qual amenizou o tom adotado nos discursos do 7 de Setembro\u00a0em rela\u00e7\u00e3o ao\u00a0STF.<\/p>\n<p style=\"text-align: justify;\"><strong>\u201cA palavra recuo fica parecendo uma cr\u00edtica. Quando se quer paz, n\u00e3o pode haver vencido e vencedores. A posi\u00e7\u00e3o do presidente Bolsonaro foi de dar um novo tom. Ele demonstrou desprendimento pessoal. A atitude dele s\u00f3 merece elogios&#8221;.<\/strong><\/p>\n<p style=\"text-align: justify;\">Aliado do presidente Bolsonaro, Skaf tem evitado manifesta\u00e7\u00f5es p\u00fablicas e atua nos bastidores como um interlocutor entre o empresariado e o Pal\u00e1cio do Planalto.<\/p>\n<p style=\"text-align: justify;\">Ao ser questionado sobre o impacto das atitudes de Bolsonaro na economia, o dirigente minimizou. \u201cOu gente aceita essa retrata\u00e7\u00e3o, ou vamos voltar na confus\u00e3o\u201d.<\/p>\n","protected":false},"excerpt":{"rendered":"<p>&nbsp; O presidente Federa\u00e7\u00e3o das Ind\u00fastrias do Estado de S\u00e3o Paulo (FIESP), Paulo Skaf, elogiou em entrevista \u00e0\u00a0R\u00e1dio Eldorado\u00a0a atitude do presidente Jair Bolsonaro\u00a0de publicar uma nota na qual amenizou o tom adotado nos discursos do 7 de Setembro\u00a0em rela\u00e7\u00e3o ao\u00a0STF. \u201cA palavra recuo fica parecendo uma cr\u00edtica. Quando se quer paz, n\u00e3o pode haver [&hellip;]<\/p>\n","protected":false},"author":2,"featured_media":163606,"comment_status":"open","ping_status":"open","sticky":false,"template":"","format":"standard","meta":{"_monsterinsights_skip_tracking":false,"_monsterinsights_sitenote_active":false,"_monsterinsights_sitenote_note":"","_monsterinsights_sitenote_category":0},"categories":[6,30260,30259],"tags":[],"aioseo_notices":[],"_links":{"self":[{"href":"https:\/\/mspontocom.com.br\/site\/wp-json\/wp\/v2\/posts\/163604"}],"collection":[{"href":"https:\/\/mspontocom.com.br\/site\/wp-json\/wp\/v2\/posts"}],"about":[{"href":"https:\/\/mspontocom.com.br\/site\/wp-json\/wp\/v2\/types\/post"}],"author":[{"embeddable":true,"href":"https:\/\/mspontocom.com.br\/site\/wp-json\/wp\/v2\/users\/2"}],"replies":[{"embeddable":true,"href":"https:\/\/mspontocom.com.br\/site\/wp-json\/wp\/v2\/comments?post=163604"}],"version-history":[{"count":1,"href":"https:\/\/mspontocom.com.br\/site\/wp-json\/wp\/v2\/posts\/163604\/revisions"}],"predecessor-version":[{"id":163607,"href":"https:\/\/mspontocom.com.br\/site\/wp-json\/wp\/v2\/posts\/163604\/revisions\/163607"}],"wp:featuredmedia":[{"embeddable":true,"href":"https:\/\/mspontocom.com.br\/site\/wp-json\/wp\/v2\/media\/163606"}],"wp:attachment":[{"href":"https:\/\/mspontocom.com.br\/site\/wp-json\/wp\/v2\/media?parent=163604"}],"wp:term":[{"taxonomy":"category","embeddable":true,"href":"https:\/\/mspontocom.com.br\/site\/wp-json\/wp\/v2\/categories?post=163604"},{"taxonomy":"post_tag","embeddable":true,"href":"https:\/\/mspontocom.com.br\/site\/wp-json\/wp\/v2\/tags?post=163604"}],"curies":[{"name":"wp","href":"https:\/\/api.w.org\/{rel}","templated":true}]}}