{"id":163635,"date":"2021-09-21T07:57:17","date_gmt":"2021-09-21T11:57:17","guid":{"rendered":"https:\/\/mspontocom.com.br\/site\/?p=163635"},"modified":"2021-09-21T05:47:55","modified_gmt":"2021-09-21T09:47:55","slug":"feira-de-estagios-online-comeca-nesta-terca-feira-21","status":"publish","type":"post","link":"https:\/\/mspontocom.com.br\/site\/feira-de-estagios-online-comeca-nesta-terca-feira-21\/","title":{"rendered":"Feira de Est\u00e1gios online come\u00e7a nesta ter\u00e7a-feira, 21"},"content":{"rendered":"<p style=\"text-align: justify;\"><img loading=\"lazy\" class=\"alignnone size-full wp-image-163690\" src=\"https:\/\/mspontocom.com.br\/site\/wp-content\/uploads\/2021\/09\/site-feira-de-estagios-on-dara-oportunidades-para-estudantes-em-busca-de-vagas-estagio25.jpg\" alt=\"\" width=\"700\" height=\"500\" srcset=\"https:\/\/mspontocom.com.br\/site\/wp-content\/uploads\/2021\/09\/site-feira-de-estagios-on-dara-oportunidades-para-estudantes-em-busca-de-vagas-estagio25.jpg 700w, https:\/\/mspontocom.com.br\/site\/wp-content\/uploads\/2021\/09\/site-feira-de-estagios-on-dara-oportunidades-para-estudantes-em-busca-de-vagas-estagio25-260x186.jpg 260w\" sizes=\"(max-width: 700px) 100vw, 700px\" \/>O\u00a0<a href=\"https:\/\/nube.com.br\/\" target=\"_blank\" rel=\"noopener\" data-saferedirecturl=\"https:\/\/www.google.com\/url?q=https:\/\/nube.com.br&amp;source=gmail&amp;ust=1631697822466000&amp;usg=AFQjCNEdbNnG6cVE70gqybnVlElihPxv6g\">Nube &#8211; N\u00facleo Brasileiro de Est\u00e1gios<\/a>\u00a0organizou a segunda edi\u00e7\u00e3o da\u00a0<a href=\"https:\/\/www.nube.com.br\/feira-estagios-2021\" target=\"_blank\" rel=\"noopener\" data-saferedirecturl=\"https:\/\/www.google.com\/url?q=https:\/\/www.nube.com.br\/feira-estagios-2021&amp;source=gmail&amp;ust=1631697822466000&amp;usg=AFQjCNFL0E9JtgkJzGC_vfxhT2tAIGXLEw\"><strong>Feira de Est\u00e1gios<\/strong><\/a>.<\/p>\n<p style=\"text-align: justify;\">O projeto, totalmente digital e sem custos visa, al\u00e9m de ofertar chances, oferecer conte\u00fados e benef\u00edcios exclusivos para os cadastrados.<\/p>\n<p style=\"text-align: justify;\">De acordo com a diretora de conte\u00fado da Feira, Yolanda Brand\u00e3o, muitas corpora\u00e7\u00f5es expositoras ir\u00e3o divulgar seus programas de est\u00e1gios<\/p>\n<p style=\"text-align: justify;\">A uni\u00e3o com institui\u00e7\u00f5es de ensino e organiza\u00e7\u00f5es culminaram em parcerias exclusivas para os tr\u00eas dias de evento, de 21 a 23 de setembro<\/p>\n<p style=\"text-align: justify;\">Al\u00e9m dos pain\u00e9is ao vivo com certificado de horas complementares, tamb\u00e9m ser\u00e3o disponibilizados conte\u00fados gravados para assistir em qualquer momento at\u00e9 dia 23.<\/p>\n<p style=\"text-align: justify;\">Dentre as entidades participantes, est\u00e1 o LinkedIn<\/p>\n<p style=\"text-align: justify;\">\n","protected":false},"excerpt":{"rendered":"<p>O\u00a0Nube &#8211; N\u00facleo Brasileiro de Est\u00e1gios\u00a0organizou a segunda edi\u00e7\u00e3o da\u00a0Feira de Est\u00e1gios. O projeto, totalmente digital e sem custos visa, al\u00e9m de ofertar chances, oferecer conte\u00fados e benef\u00edcios exclusivos para os cadastrados. De acordo com a diretora de conte\u00fado da Feira, Yolanda Brand\u00e3o, muitas corpora\u00e7\u00f5es expositoras ir\u00e3o divulgar seus programas de est\u00e1gios A uni\u00e3o com [&hellip;]<\/p>\n","protected":false},"author":2,"featured_media":163690,"comment_status":"open","ping_status":"open","sticky":false,"template":"","format":"standard","meta":{"_monsterinsights_skip_tracking":false,"_monsterinsights_sitenote_active":false,"_monsterinsights_sitenote_note":"","_monsterinsights_sitenote_category":0},"categories":[28176],"tags":[],"aioseo_notices":[],"_links":{"self":[{"href":"https:\/\/mspontocom.com.br\/site\/wp-json\/wp\/v2\/posts\/163635"}],"collection":[{"href":"https:\/\/mspontocom.com.br\/site\/wp-json\/wp\/v2\/posts"}],"about":[{"href":"https:\/\/mspontocom.com.br\/site\/wp-json\/wp\/v2\/types\/post"}],"author":[{"embeddable":true,"href":"https:\/\/mspontocom.com.br\/site\/wp-json\/wp\/v2\/users\/2"}],"replies":[{"embeddable":true,"href":"https:\/\/mspontocom.com.br\/site\/wp-json\/wp\/v2\/comments?post=163635"}],"version-history":[{"count":4,"href":"https:\/\/mspontocom.com.br\/site\/wp-json\/wp\/v2\/posts\/163635\/revisions"}],"predecessor-version":[{"id":163811,"href":"https:\/\/mspontocom.com.br\/site\/wp-json\/wp\/v2\/posts\/163635\/revisions\/163811"}],"wp:featuredmedia":[{"embeddable":true,"href":"https:\/\/mspontocom.com.br\/site\/wp-json\/wp\/v2\/media\/163690"}],"wp:attachment":[{"href":"https:\/\/mspontocom.com.br\/site\/wp-json\/wp\/v2\/media?parent=163635"}],"wp:term":[{"taxonomy":"category","embeddable":true,"href":"https:\/\/mspontocom.com.br\/site\/wp-json\/wp\/v2\/categories?post=163635"},{"taxonomy":"post_tag","embeddable":true,"href":"https:\/\/mspontocom.com.br\/site\/wp-json\/wp\/v2\/tags?post=163635"}],"curies":[{"name":"wp","href":"https:\/\/api.w.org\/{rel}","templated":true}]}}