{"id":163641,"date":"2021-09-14T13:31:11","date_gmt":"2021-09-14T17:31:11","guid":{"rendered":"https:\/\/mspontocom.com.br\/site\/?p=163641"},"modified":"2021-09-14T13:31:11","modified_gmt":"2021-09-14T17:31:11","slug":"presidente-da-petrobras-exalta-combate-a-desvios-e-corrupcao-na-empresa","status":"publish","type":"post","link":"https:\/\/mspontocom.com.br\/site\/presidente-da-petrobras-exalta-combate-a-desvios-e-corrupcao-na-empresa\/","title":{"rendered":"Presidente da Petrobras exalta combate a desvios e corrup\u00e7\u00e3o na empresa"},"content":{"rendered":"<p style=\"text-align: justify;\"><img loading=\"lazy\" class=\"alignnone size-full wp-image-163642\" src=\"https:\/\/mspontocom.com.br\/site\/wp-content\/uploads\/2021\/09\/site-presidente-da-petrobras-exalta-combate-a-desvios-e-corrupcao-na-empresa-general-joaquim-silva-luna-2-e1631640478730.jpg\" alt=\"\" width=\"736\" height=\"444\" srcset=\"https:\/\/mspontocom.com.br\/site\/wp-content\/uploads\/2021\/09\/site-presidente-da-petrobras-exalta-combate-a-desvios-e-corrupcao-na-empresa-general-joaquim-silva-luna-2-e1631640478730.jpg 736w, https:\/\/mspontocom.com.br\/site\/wp-content\/uploads\/2021\/09\/site-presidente-da-petrobras-exalta-combate-a-desvios-e-corrupcao-na-empresa-general-joaquim-silva-luna-2-e1631640478730-260x157.jpg 260w\" sizes=\"(max-width: 736px) 100vw, 736px\" \/>Ao debater com a C\u00e2mara dos Deputados sobre a sequ\u00eancia de altas nos pre\u00e7os dos combust\u00edveis, o presidente da Petrobras, Joaquim Silva e Luna, exaltou, nesta ter\u00e7a-feira (14), a <strong>\u201cforte governan\u00e7a\u201d da Petrobras contra desvios de seus recursos.<\/strong><\/p>\n<p style=\"text-align: justify;\">Ele afirmou que a estatal \u00e9 uma empresa forte e atenta \u00e0s demandas e necessidade da sociedade brasileira.<\/p>\n<p style=\"text-align: justify;\">Segundo ele, o sistema de governan\u00e7a corporativa da empresa garante transpar\u00eancia e a melhoria dos investimentos.<\/p>\n<p style=\"text-align: justify;\">Luna participa do debate na Comiss\u00e3o Geral no Plen\u00e1rio, convocada pelo presidente da C\u00e2mara, Arthur Lira (PP-AL), para debater a situa\u00e7\u00e3o da opera\u00e7\u00e3o das termel\u00e9tricas, o pre\u00e7o dos combust\u00edveis e outros assuntos relacionados \u00e0 empresa.<\/p>\n","protected":false},"excerpt":{"rendered":"<p>Ao debater com a C\u00e2mara dos Deputados sobre a sequ\u00eancia de altas nos pre\u00e7os dos combust\u00edveis, o presidente da Petrobras, Joaquim Silva e Luna, exaltou, nesta ter\u00e7a-feira (14), a \u201cforte governan\u00e7a\u201d da Petrobras contra desvios de seus recursos. Ele afirmou que a estatal \u00e9 uma empresa forte e atenta \u00e0s demandas e necessidade da sociedade [&hellip;]<\/p>\n","protected":false},"author":2,"featured_media":163642,"comment_status":"open","ping_status":"open","sticky":false,"template":"","format":"standard","meta":{"_monsterinsights_skip_tracking":false,"_monsterinsights_sitenote_active":false,"_monsterinsights_sitenote_note":"","_monsterinsights_sitenote_category":0},"categories":[6,30260,30259],"tags":[],"aioseo_notices":[],"_links":{"self":[{"href":"https:\/\/mspontocom.com.br\/site\/wp-json\/wp\/v2\/posts\/163641"}],"collection":[{"href":"https:\/\/mspontocom.com.br\/site\/wp-json\/wp\/v2\/posts"}],"about":[{"href":"https:\/\/mspontocom.com.br\/site\/wp-json\/wp\/v2\/types\/post"}],"author":[{"embeddable":true,"href":"https:\/\/mspontocom.com.br\/site\/wp-json\/wp\/v2\/users\/2"}],"replies":[{"embeddable":true,"href":"https:\/\/mspontocom.com.br\/site\/wp-json\/wp\/v2\/comments?post=163641"}],"version-history":[{"count":1,"href":"https:\/\/mspontocom.com.br\/site\/wp-json\/wp\/v2\/posts\/163641\/revisions"}],"predecessor-version":[{"id":163643,"href":"https:\/\/mspontocom.com.br\/site\/wp-json\/wp\/v2\/posts\/163641\/revisions\/163643"}],"wp:featuredmedia":[{"embeddable":true,"href":"https:\/\/mspontocom.com.br\/site\/wp-json\/wp\/v2\/media\/163642"}],"wp:attachment":[{"href":"https:\/\/mspontocom.com.br\/site\/wp-json\/wp\/v2\/media?parent=163641"}],"wp:term":[{"taxonomy":"category","embeddable":true,"href":"https:\/\/mspontocom.com.br\/site\/wp-json\/wp\/v2\/categories?post=163641"},{"taxonomy":"post_tag","embeddable":true,"href":"https:\/\/mspontocom.com.br\/site\/wp-json\/wp\/v2\/tags?post=163641"}],"curies":[{"name":"wp","href":"https:\/\/api.w.org\/{rel}","templated":true}]}}