{"id":163669,"date":"2021-09-16T05:30:27","date_gmt":"2021-09-16T09:30:27","guid":{"rendered":"https:\/\/mspontocom.com.br\/site\/?p=163669"},"modified":"2021-09-16T05:30:27","modified_gmt":"2021-09-16T09:30:27","slug":"pt-apresenta-voto-contra-a-pec-que-moderniza-o-estado-brasileiro","status":"publish","type":"post","link":"https:\/\/mspontocom.com.br\/site\/pt-apresenta-voto-contra-a-pec-que-moderniza-o-estado-brasileiro\/","title":{"rendered":"PT apresenta voto contra a PEC que moderniza o estado brasileiro"},"content":{"rendered":"<p style=\"text-align: justify;\"><img loading=\"lazy\" class=\"alignnone size-full wp-image-163671\" src=\"https:\/\/mspontocom.com.br\/site\/wp-content\/uploads\/2021\/09\/site-pt-apresenta-voto-contra-a-pec-que-moderniza-o-estado-brasileiro-pt-e1631784557166.jpg\" alt=\"\" width=\"1008\" height=\"576\" srcset=\"https:\/\/mspontocom.com.br\/site\/wp-content\/uploads\/2021\/09\/site-pt-apresenta-voto-contra-a-pec-que-moderniza-o-estado-brasileiro-pt-e1631784557166.jpg 1008w, https:\/\/mspontocom.com.br\/site\/wp-content\/uploads\/2021\/09\/site-pt-apresenta-voto-contra-a-pec-que-moderniza-o-estado-brasileiro-pt-e1631784557166-260x149.jpg 260w, https:\/\/mspontocom.com.br\/site\/wp-content\/uploads\/2021\/09\/site-pt-apresenta-voto-contra-a-pec-que-moderniza-o-estado-brasileiro-pt-e1631784557166-768x439.jpg 768w\" sizes=\"(max-width: 1008px) 100vw, 1008px\" \/>A bancada do PT\u00a0apresentou um voto em separado contra o relat\u00f3rio do deputado\u00a0 Arthur Maia\u00a0(DEM-BA) para a\u00a0<strong><a href=\"https:\/\/congressoemfoco.uol.com.br\/tag\/PEC-32\/\">PEC 32\/2020<\/a><\/strong>, da reforma administrativa.<\/p>\n<p style=\"text-align: justify;\">A PEC busca a moderniza\u00e7\u00e3o dos Estado brasileiro, a efici\u00eancia no servi\u00e7o p\u00fablico, diminui\u00e7\u00e3o do Custo Brasil, e por conseguinte menos impostos para o contribuinte.<\/p>\n<p style=\"text-align: justify;\">Mas em seu voto, o partido aponta para problemas constitucionais e risco de precariza\u00e7\u00e3o das rela\u00e7\u00f5es de trabalho no servi\u00e7o p\u00fablico.<\/p>\n<p style=\"text-align: justify;\">\u201cEscondida no argumento de que os gastos p\u00fablicos precisam ser engessados, foi apresentada a este parlamento uma reforma profunda, que n\u00e3o trata apenas de regras de servidores, mas ataca diretamente as bases do Estado brasileiro, diminuindo a sua capacidade real de intervir como estabilizador das diferen\u00e7as sociais, econ\u00f4micas, regionais, dentre outras existentes no pa\u00eds\u201d, diz o voto.<\/p>\n<p style=\"text-align: justify;\">\u201cNa dire\u00e7\u00e3o contr\u00e1ria da \u201cmoderniza\u00e7\u00e3o\u201d alardeada, a PEC 32 fere de morte o Estado brasileiro. Enfraquece, desestabiliza, precariza e desvaloriza \u00f3rg\u00e3os e carreiras que prestam servi\u00e7os p\u00fablicos e implementam pol\u00edticas p\u00fablicas garantidoras de direitos, fundamentais para desenvolvimento justo, sustent\u00e1vel e soberano do pa\u00eds\u201d, considera o PT.<\/p>\n<p style=\"text-align: justify;\">\n<p style=\"text-align: justify;\">fonte: Congresso em Foco<\/p>\n","protected":false},"excerpt":{"rendered":"<p>A bancada do PT\u00a0apresentou um voto em separado contra o relat\u00f3rio do deputado\u00a0 Arthur Maia\u00a0(DEM-BA) para a\u00a0PEC 32\/2020, da reforma administrativa. A PEC busca a moderniza\u00e7\u00e3o dos Estado brasileiro, a efici\u00eancia no servi\u00e7o p\u00fablico, diminui\u00e7\u00e3o do Custo Brasil, e por conseguinte menos impostos para o contribuinte. Mas em seu voto, o partido aponta para problemas [&hellip;]<\/p>\n","protected":false},"author":2,"featured_media":163671,"comment_status":"open","ping_status":"open","sticky":false,"template":"","format":"standard","meta":{"_monsterinsights_skip_tracking":false,"_monsterinsights_sitenote_active":false,"_monsterinsights_sitenote_note":"","_monsterinsights_sitenote_category":0},"categories":[6,30260,30259],"tags":[],"aioseo_notices":[],"_links":{"self":[{"href":"https:\/\/mspontocom.com.br\/site\/wp-json\/wp\/v2\/posts\/163669"}],"collection":[{"href":"https:\/\/mspontocom.com.br\/site\/wp-json\/wp\/v2\/posts"}],"about":[{"href":"https:\/\/mspontocom.com.br\/site\/wp-json\/wp\/v2\/types\/post"}],"author":[{"embeddable":true,"href":"https:\/\/mspontocom.com.br\/site\/wp-json\/wp\/v2\/users\/2"}],"replies":[{"embeddable":true,"href":"https:\/\/mspontocom.com.br\/site\/wp-json\/wp\/v2\/comments?post=163669"}],"version-history":[{"count":2,"href":"https:\/\/mspontocom.com.br\/site\/wp-json\/wp\/v2\/posts\/163669\/revisions"}],"predecessor-version":[{"id":163672,"href":"https:\/\/mspontocom.com.br\/site\/wp-json\/wp\/v2\/posts\/163669\/revisions\/163672"}],"wp:featuredmedia":[{"embeddable":true,"href":"https:\/\/mspontocom.com.br\/site\/wp-json\/wp\/v2\/media\/163671"}],"wp:attachment":[{"href":"https:\/\/mspontocom.com.br\/site\/wp-json\/wp\/v2\/media?parent=163669"}],"wp:term":[{"taxonomy":"category","embeddable":true,"href":"https:\/\/mspontocom.com.br\/site\/wp-json\/wp\/v2\/categories?post=163669"},{"taxonomy":"post_tag","embeddable":true,"href":"https:\/\/mspontocom.com.br\/site\/wp-json\/wp\/v2\/tags?post=163669"}],"curies":[{"name":"wp","href":"https:\/\/api.w.org\/{rel}","templated":true}]}}