{"id":163676,"date":"2021-09-16T05:58:47","date_gmt":"2021-09-16T09:58:47","guid":{"rendered":"https:\/\/mspontocom.com.br\/site\/?p=163676"},"modified":"2021-09-16T05:58:47","modified_gmt":"2021-09-16T09:58:47","slug":"aberracoes-fazem-senador-pedir-mudancas-no-stf","status":"publish","type":"post","link":"https:\/\/mspontocom.com.br\/site\/aberracoes-fazem-senador-pedir-mudancas-no-stf\/","title":{"rendered":"\u2018Aberra\u00e7\u00f5es\u2019 fazem senador pedir mudan\u00e7as no STF"},"content":{"rendered":"<p><img loading=\"lazy\" class=\"alignnone size-full wp-image-163677\" src=\"https:\/\/mspontocom.com.br\/site\/wp-content\/uploads\/2021\/09\/site-aberracoes-fazem-senador-pedir-mudancas-no-stf-stf-ministros-e1631786278266.jpg\" alt=\"\" width=\"685\" height=\"291\" srcset=\"https:\/\/mspontocom.com.br\/site\/wp-content\/uploads\/2021\/09\/site-aberracoes-fazem-senador-pedir-mudancas-no-stf-stf-ministros-e1631786278266.jpg 685w, https:\/\/mspontocom.com.br\/site\/wp-content\/uploads\/2021\/09\/site-aberracoes-fazem-senador-pedir-mudancas-no-stf-stf-ministros-e1631786278266-260x110.jpg 260w\" sizes=\"(max-width: 685px) 100vw, 685px\" \/><\/p>\n<p>O senador Lasier Martins (Pode-RS) defendeu mudan\u00e7as na forma de escolha e indica\u00e7\u00e3o dos ministros do Tribunal, al\u00e9m da cria\u00e7\u00e3o de mandatos para os membros.<\/p>\n<p style=\"text-align: justify;\">Segundo Lasier, o STF \u201cvem perdendo credibilidade\u201d e se transformou numa Corte que \u201cacusa e pune, se dizendo ao mesmo tempo v\u00edtima, produzindo por isso aberra\u00e7\u00f5es jur\u00eddicas inacredit\u00e1veis\u201d.<\/p>\n<p style=\"text-align: justify;\">Lasier afirmou que o STF age em sentido contr\u00e1rio \u00e0 Constitui\u00e7\u00e3o ao punir a livre express\u00e3o e atacar a inviolabilidade parlamentar.<\/p>\n<p style=\"text-align: justify;\">Para o pol\u00edtico ga\u00facho, nunca houve \u201cclima t\u00e3o adequado\u201d no Senado para propor mudan\u00e7as no STF atrav\u00e9s de emenda constitucional.<\/p>\n<p style=\"text-align: justify;\">A proposta de Lasier (PEC 35\/2015) imp\u00f5e mandato de dez anos aos ministros do STF, al\u00e9m de inelegibilidade por 5 anos ap\u00f3s deixar a Corte.<\/p>\n<p style=\"text-align: justify;\">A escolha dos ministros sairia de uma lista tr\u00edplice elaborada pelos presidentes dos tribunais superiores, TCU, PGR e presidente da OAB.<\/p>\n<p>&nbsp;<\/p>\n<p>fonte: Di\u00e1rio do Poder<\/p>\n","protected":false},"excerpt":{"rendered":"<p>O senador Lasier Martins (Pode-RS) defendeu mudan\u00e7as na forma de escolha e indica\u00e7\u00e3o dos ministros do Tribunal, al\u00e9m da cria\u00e7\u00e3o de mandatos para os membros. Segundo Lasier, o STF \u201cvem perdendo credibilidade\u201d e se transformou numa Corte que \u201cacusa e pune, se dizendo ao mesmo tempo v\u00edtima, produzindo por isso aberra\u00e7\u00f5es jur\u00eddicas inacredit\u00e1veis\u201d. Lasier afirmou [&hellip;]<\/p>\n","protected":false},"author":2,"featured_media":163677,"comment_status":"open","ping_status":"open","sticky":false,"template":"","format":"standard","meta":{"_monsterinsights_skip_tracking":false,"_monsterinsights_sitenote_active":false,"_monsterinsights_sitenote_note":"","_monsterinsights_sitenote_category":0},"categories":[6,30260,30259],"tags":[],"aioseo_notices":[],"_links":{"self":[{"href":"https:\/\/mspontocom.com.br\/site\/wp-json\/wp\/v2\/posts\/163676"}],"collection":[{"href":"https:\/\/mspontocom.com.br\/site\/wp-json\/wp\/v2\/posts"}],"about":[{"href":"https:\/\/mspontocom.com.br\/site\/wp-json\/wp\/v2\/types\/post"}],"author":[{"embeddable":true,"href":"https:\/\/mspontocom.com.br\/site\/wp-json\/wp\/v2\/users\/2"}],"replies":[{"embeddable":true,"href":"https:\/\/mspontocom.com.br\/site\/wp-json\/wp\/v2\/comments?post=163676"}],"version-history":[{"count":1,"href":"https:\/\/mspontocom.com.br\/site\/wp-json\/wp\/v2\/posts\/163676\/revisions"}],"predecessor-version":[{"id":163678,"href":"https:\/\/mspontocom.com.br\/site\/wp-json\/wp\/v2\/posts\/163676\/revisions\/163678"}],"wp:featuredmedia":[{"embeddable":true,"href":"https:\/\/mspontocom.com.br\/site\/wp-json\/wp\/v2\/media\/163677"}],"wp:attachment":[{"href":"https:\/\/mspontocom.com.br\/site\/wp-json\/wp\/v2\/media?parent=163676"}],"wp:term":[{"taxonomy":"category","embeddable":true,"href":"https:\/\/mspontocom.com.br\/site\/wp-json\/wp\/v2\/categories?post=163676"},{"taxonomy":"post_tag","embeddable":true,"href":"https:\/\/mspontocom.com.br\/site\/wp-json\/wp\/v2\/tags?post=163676"}],"curies":[{"name":"wp","href":"https:\/\/api.w.org\/{rel}","templated":true}]}}