{"id":163682,"date":"2021-09-16T08:15:03","date_gmt":"2021-09-16T12:15:03","guid":{"rendered":"https:\/\/mspontocom.com.br\/site\/?p=163682"},"modified":"2021-09-16T08:15:03","modified_gmt":"2021-09-16T12:15:03","slug":"sanofi-esta-com-vagas-abertas-para-o-programa-de-estagio","status":"publish","type":"post","link":"https:\/\/mspontocom.com.br\/site\/sanofi-esta-com-vagas-abertas-para-o-programa-de-estagio\/","title":{"rendered":"Sanofi est\u00e1 com vagas abertas para o programa de est\u00e1gio"},"content":{"rendered":"<p style=\"text-align: justify;\"><img loading=\"lazy\" class=\"alignnone size-full wp-image-163683\" src=\"https:\/\/mspontocom.com.br\/site\/wp-content\/uploads\/2021\/09\/site-sanofi-esta-com-vagas-abertas-para-o-programa-de-estagio-sanofi-e1631794418387.jpg\" alt=\"\" width=\"1052\" height=\"617\" srcset=\"https:\/\/mspontocom.com.br\/site\/wp-content\/uploads\/2021\/09\/site-sanofi-esta-com-vagas-abertas-para-o-programa-de-estagio-sanofi-e1631794418387.jpg 1052w, https:\/\/mspontocom.com.br\/site\/wp-content\/uploads\/2021\/09\/site-sanofi-esta-com-vagas-abertas-para-o-programa-de-estagio-sanofi-e1631794418387-260x152.jpg 260w, https:\/\/mspontocom.com.br\/site\/wp-content\/uploads\/2021\/09\/site-sanofi-esta-com-vagas-abertas-para-o-programa-de-estagio-sanofi-e1631794418387-768x450.jpg 768w, https:\/\/mspontocom.com.br\/site\/wp-content\/uploads\/2021\/09\/site-sanofi-esta-com-vagas-abertas-para-o-programa-de-estagio-sanofi-e1631794418387-1024x601.jpg 1024w\" sizes=\"(max-width: 1052px) 100vw, 1052px\" \/>A Sanofi d\u00e1 in\u00edcio ao seu programa de est\u00e1gio com mais de 70 vagas dispon\u00edveis nas \u00e1reas de Comunica\u00e7\u00e3o, Supply Chain, Recursos Humanos, Inova\u00e7\u00e3o, Comercial e outras.<\/p>\n<p style=\"text-align: justify;\">Os interessados n\u00e3o precisam ter experi\u00eancia profissional e nem ingl\u00eas fluente.<\/p>\n<p style=\"text-align: justify;\">Os novos estagi\u00e1rios contar\u00e3o com bolsa-aux\u00edlio de R$ 1.800,00, programa de treinamento, aux\u00edlio-transporte, vale-refei\u00e7\u00e3o, assist\u00eancias m\u00e9dica e odontol\u00f3gica, al\u00e9m de descontos em medicamentos.<\/p>\n<p style=\"text-align: justify;\">O processo tamb\u00e9m disponibiliza ao colaborador curso de idiomas gratuitos pela GoFluent \u2013 plataforma virtual de linguagens utilizada pela companhia.<\/p>\n<p style=\"text-align: justify;\">As inscri\u00e7\u00f5es podem ser feitas at\u00e9 o dia 13 de outubro pelo site\u00a0<a href=\"https:\/\/eur01.safelinks.protection.outlook.com\/?url=https:\/\/estagiosanofi.com.br\/&amp;data=04%7C01%7CVenicius.Goncalves@sanofi.com%7Cad18f4e76f914e4f7c1308d96da2b512%7Caca3c8d6aa714e1aa10e03572fc58c0b%7C0%7C0%7C637661368511791671%7CUnknown%7CTWFpbGZsb3d8eyJWIjoiMC4wLjAwMDAiLCJQIjoiV2luMzIiLCJBTiI6Ik1haWwiLCJXVCI6Mn0=%7C1000&amp;sdata=\/HN\/r\/axU2ybu+oUeDeyG7jn0GMoQFtDGv931yzfXkY=&amp;reserved=0\" target=\"_blank\" rel=\"noopener\" data-saferedirecturl=\"https:\/\/www.google.com\/url?q=https:\/\/eur01.safelinks.protection.outlook.com\/?url%3Dhttps:\/\/estagiosanofi.com.br\/%26data%3D04%257C01%257CVenicius.Goncalves@sanofi.com%257Cad18f4e76f914e4f7c1308d96da2b512%257Caca3c8d6aa714e1aa10e03572fc58c0b%257C0%257C0%257C637661368511791671%257CUnknown%257CTWFpbGZsb3d8eyJWIjoiMC4wLjAwMDAiLCJQIjoiV2luMzIiLCJBTiI6Ik1haWwiLCJXVCI6Mn0%3D%257C1000%26sdata%3D\/HN\/r\/axU2ybu%2BoUeDeyG7jn0GMoQFtDGv931yzfXkY%3D%26reserved%3D0&amp;source=gmail&amp;ust=1631873687754000&amp;usg=AFQjCNFdUjcsKiXBDFPtU2aOQnLPJTh_ug\"><strong>https:\/\/estagiosanofi.com.br\/<\/strong><\/a>.<\/p>\n<p style=\"text-align: justify;\"><strong>Sobre a Sanofi<\/strong><\/p>\n<p style=\"text-align: justify;\">A Sanofi \u00e9 uma companhia biofarmac\u00eautica global com foco em sa\u00fade humana.<\/p>\n<p style=\"text-align: justify;\">\u00a0Com mais de 100 mil pessoas em 90 pa\u00edses, a Sanofi est\u00e1 transformando inova\u00e7\u00e3o cient\u00edfica em solu\u00e7\u00f5es de cuidados com a sa\u00fade em todo o mundo.<\/p>\n","protected":false},"excerpt":{"rendered":"<p>A Sanofi d\u00e1 in\u00edcio ao seu programa de est\u00e1gio com mais de 70 vagas dispon\u00edveis nas \u00e1reas de Comunica\u00e7\u00e3o, Supply Chain, Recursos Humanos, Inova\u00e7\u00e3o, Comercial e outras. Os interessados n\u00e3o precisam ter experi\u00eancia profissional e nem ingl\u00eas fluente. Os novos estagi\u00e1rios contar\u00e3o com bolsa-aux\u00edlio de R$ 1.800,00, programa de treinamento, aux\u00edlio-transporte, vale-refei\u00e7\u00e3o, assist\u00eancias m\u00e9dica e [&hellip;]<\/p>\n","protected":false},"author":2,"featured_media":163683,"comment_status":"open","ping_status":"open","sticky":false,"template":"","format":"standard","meta":{"_monsterinsights_skip_tracking":false,"_monsterinsights_sitenote_active":false,"_monsterinsights_sitenote_note":"","_monsterinsights_sitenote_category":0},"categories":[28176],"tags":[],"aioseo_notices":[],"_links":{"self":[{"href":"https:\/\/mspontocom.com.br\/site\/wp-json\/wp\/v2\/posts\/163682"}],"collection":[{"href":"https:\/\/mspontocom.com.br\/site\/wp-json\/wp\/v2\/posts"}],"about":[{"href":"https:\/\/mspontocom.com.br\/site\/wp-json\/wp\/v2\/types\/post"}],"author":[{"embeddable":true,"href":"https:\/\/mspontocom.com.br\/site\/wp-json\/wp\/v2\/users\/2"}],"replies":[{"embeddable":true,"href":"https:\/\/mspontocom.com.br\/site\/wp-json\/wp\/v2\/comments?post=163682"}],"version-history":[{"count":1,"href":"https:\/\/mspontocom.com.br\/site\/wp-json\/wp\/v2\/posts\/163682\/revisions"}],"predecessor-version":[{"id":163684,"href":"https:\/\/mspontocom.com.br\/site\/wp-json\/wp\/v2\/posts\/163682\/revisions\/163684"}],"wp:featuredmedia":[{"embeddable":true,"href":"https:\/\/mspontocom.com.br\/site\/wp-json\/wp\/v2\/media\/163683"}],"wp:attachment":[{"href":"https:\/\/mspontocom.com.br\/site\/wp-json\/wp\/v2\/media?parent=163682"}],"wp:term":[{"taxonomy":"category","embeddable":true,"href":"https:\/\/mspontocom.com.br\/site\/wp-json\/wp\/v2\/categories?post=163682"},{"taxonomy":"post_tag","embeddable":true,"href":"https:\/\/mspontocom.com.br\/site\/wp-json\/wp\/v2\/tags?post=163682"}],"curies":[{"name":"wp","href":"https:\/\/api.w.org\/{rel}","templated":true}]}}