{"id":163773,"date":"2021-09-20T06:04:24","date_gmt":"2021-09-20T10:04:24","guid":{"rendered":"https:\/\/mspontocom.com.br\/site\/?p=163773"},"modified":"2021-09-20T06:04:24","modified_gmt":"2021-09-20T10:04:24","slug":"desespero-na-cpi-brasil-quer-anunciar-doacao-de-vacinas-na-assembleia-geral-da-onu","status":"publish","type":"post","link":"https:\/\/mspontocom.com.br\/site\/desespero-na-cpi-brasil-quer-anunciar-doacao-de-vacinas-na-assembleia-geral-da-onu\/","title":{"rendered":"Desespero na CPI: Brasil quer anunciar doa\u00e7\u00e3o de vacinas na Assembleia-Geral da ONU"},"content":{"rendered":"<p style=\"text-align: justify;\"><img loading=\"lazy\" class=\"alignnone size-full wp-image-163774\" src=\"https:\/\/mspontocom.com.br\/site\/wp-content\/uploads\/2021\/09\/site-brasil-quer-anunciar-doacao-de-vacinas-na-assembleia-geral-da-onu-onu-e1632132159551.jpg\" alt=\"\" width=\"744\" height=\"485\" srcset=\"https:\/\/mspontocom.com.br\/site\/wp-content\/uploads\/2021\/09\/site-brasil-quer-anunciar-doacao-de-vacinas-na-assembleia-geral-da-onu-onu-e1632132159551.jpg 744w, https:\/\/mspontocom.com.br\/site\/wp-content\/uploads\/2021\/09\/site-brasil-quer-anunciar-doacao-de-vacinas-na-assembleia-geral-da-onu-onu-e1632132159551-260x169.jpg 260w\" sizes=\"(max-width: 744px) 100vw, 744px\" \/>O Itamaraty quer que o presidente Jair Bolsonaro\u00a0divulgue uma agenda positiva ao discursar nesta ter\u00e7a-feira, 21, na abertura da Assembleia -Geral da ONU.<\/p>\n<p style=\"text-align: justify;\">Uma das medidas que diplomatas tentam fazer o presidente anunciar \u00e9 a doa\u00e7\u00e3o de\u00a0<strong>vacinas contra a covid-19<\/strong>\u00a0para na\u00e7\u00f5es da Am\u00e9rica Latina em piores condi\u00e7\u00f5es de combate \u00e0 pandemia, como Paraguai e Haiti, segundo assessores que participam da elabora\u00e7\u00e3o do discurso.<\/p>\n<p style=\"text-align: justify;\">O presidente tamb\u00e9m deve mencionar no discurso o visto humanit\u00e1rio autorizado para afeg\u00e3os e o fato de o Brasil voltar ao Conselho de Seguran\u00e7a da ONU a partir de 2022, em uma das vagas rotativas.<\/p>\n<p style=\"text-align: justify;\">\u00a0Os tr\u00eas pilares do discurso esbo\u00e7ado pelo time de diplomatas ser\u00e3o a diplomacia da sa\u00fade, onde entrar\u00e1 o poss\u00edvel an\u00fancio a respeito das vacinas, o combate ao desmatamento e a recupera\u00e7\u00e3o econ\u00f4mica.<\/p>\n<p style=\"text-align: justify;\">\n","protected":false},"excerpt":{"rendered":"<p>O Itamaraty quer que o presidente Jair Bolsonaro\u00a0divulgue uma agenda positiva ao discursar nesta ter\u00e7a-feira, 21, na abertura da Assembleia -Geral da ONU. Uma das medidas que diplomatas tentam fazer o presidente anunciar \u00e9 a doa\u00e7\u00e3o de\u00a0vacinas contra a covid-19\u00a0para na\u00e7\u00f5es da Am\u00e9rica Latina em piores condi\u00e7\u00f5es de combate \u00e0 pandemia, como Paraguai e Haiti, [&hellip;]<\/p>\n","protected":false},"author":2,"featured_media":163774,"comment_status":"open","ping_status":"open","sticky":false,"template":"","format":"standard","meta":{"_monsterinsights_skip_tracking":false,"_monsterinsights_sitenote_active":false,"_monsterinsights_sitenote_note":"","_monsterinsights_sitenote_category":0},"categories":[30260,7,30259],"tags":[],"aioseo_notices":[],"_links":{"self":[{"href":"https:\/\/mspontocom.com.br\/site\/wp-json\/wp\/v2\/posts\/163773"}],"collection":[{"href":"https:\/\/mspontocom.com.br\/site\/wp-json\/wp\/v2\/posts"}],"about":[{"href":"https:\/\/mspontocom.com.br\/site\/wp-json\/wp\/v2\/types\/post"}],"author":[{"embeddable":true,"href":"https:\/\/mspontocom.com.br\/site\/wp-json\/wp\/v2\/users\/2"}],"replies":[{"embeddable":true,"href":"https:\/\/mspontocom.com.br\/site\/wp-json\/wp\/v2\/comments?post=163773"}],"version-history":[{"count":1,"href":"https:\/\/mspontocom.com.br\/site\/wp-json\/wp\/v2\/posts\/163773\/revisions"}],"predecessor-version":[{"id":163775,"href":"https:\/\/mspontocom.com.br\/site\/wp-json\/wp\/v2\/posts\/163773\/revisions\/163775"}],"wp:featuredmedia":[{"embeddable":true,"href":"https:\/\/mspontocom.com.br\/site\/wp-json\/wp\/v2\/media\/163774"}],"wp:attachment":[{"href":"https:\/\/mspontocom.com.br\/site\/wp-json\/wp\/v2\/media?parent=163773"}],"wp:term":[{"taxonomy":"category","embeddable":true,"href":"https:\/\/mspontocom.com.br\/site\/wp-json\/wp\/v2\/categories?post=163773"},{"taxonomy":"post_tag","embeddable":true,"href":"https:\/\/mspontocom.com.br\/site\/wp-json\/wp\/v2\/tags?post=163773"}],"curies":[{"name":"wp","href":"https:\/\/api.w.org\/{rel}","templated":true}]}}