{"id":164349,"date":"2021-10-08T05:40:45","date_gmt":"2021-10-08T09:40:45","guid":{"rendered":"https:\/\/mspontocom.com.br\/site\/?p=164349"},"modified":"2021-10-08T05:40:45","modified_gmt":"2021-10-08T09:40:45","slug":"mortes-por-covid-nos-eua-nao-chamam-biden-de-genocida-diz-bolsonaro","status":"publish","type":"post","link":"https:\/\/mspontocom.com.br\/site\/mortes-por-covid-nos-eua-nao-chamam-biden-de-genocida-diz-bolsonaro\/","title":{"rendered":"Mortes por covid nos EUA: \u201cN\u00e3o chamam Biden de genocida\u201d, diz Bolsonaro"},"content":{"rendered":"<p style=\"text-align: justify;\"><img loading=\"lazy\" class=\"alignnone size-full wp-image-164359\" src=\"https:\/\/mspontocom.com.br\/site\/wp-content\/uploads\/2021\/10\/site-mortes-por-covid-nos-eua-nao-chamam-biden-de-genocida-diz-bolsonaro-bolsonaro-biden-1000x600-e1633685928819.jpg\" alt=\"\" width=\"985\" height=\"577\" srcset=\"https:\/\/mspontocom.com.br\/site\/wp-content\/uploads\/2021\/10\/site-mortes-por-covid-nos-eua-nao-chamam-biden-de-genocida-diz-bolsonaro-bolsonaro-biden-1000x600-e1633685928819.jpg 985w, https:\/\/mspontocom.com.br\/site\/wp-content\/uploads\/2021\/10\/site-mortes-por-covid-nos-eua-nao-chamam-biden-de-genocida-diz-bolsonaro-bolsonaro-biden-1000x600-e1633685928819-260x152.jpg 260w, https:\/\/mspontocom.com.br\/site\/wp-content\/uploads\/2021\/10\/site-mortes-por-covid-nos-eua-nao-chamam-biden-de-genocida-diz-bolsonaro-bolsonaro-biden-1000x600-e1633685928819-768x450.jpg 768w\" sizes=\"(max-width: 985px) 100vw, 985px\" \/>O presidente <strong>Jair Bolsonaro<\/strong> falou nesta 5\u00aa feira sobre a alta no n\u00famero de mortes por covid-19 nos Estados Unidos.<\/p>\n<p style=\"text-align: justify;\">Ele afirmou que mesmo com o n\u00famero elevado de mortes o presidente <strong>Joe Biden<\/strong> n\u00e3o \u00e9 chamado de <strong>\u201cgenocida\u201d<\/strong>, como ocorreu com Donald Trump, segundo Bolsonaro.<\/p>\n<p style=\"text-align: justify;\">\u201cO n\u00famero de morte na era Trump \u2013 que era acusado de genocida \u2013 atingiu e equiparou na era Joe Biden. E a imprensa n\u00e3o chama Joe Biden de genocida\u201d, disse durante live nas redes sociais.<\/p>\n<p style=\"text-align: justify;\">No dia 3 de outubro, o Estados Unidos ultrapassou a marca de 700 mil mortes pelo v\u00edrus.<\/p>\n<p style=\"text-align: justify;\">Nos Estados Unidos, 1 em cada 500 pessoas j\u00e1 morreram pela covid-19, conforme dados da Universidade Johns Hopkins.<\/p>\n<p style=\"text-align: justify;\">O pa\u00eds lida com um aumento do n\u00famero de casos de covid, principalmente impulsionado pela variante delta.<\/p>\n<p style=\"text-align: justify;\">\u201cA gente quer que caia o n\u00famero de mortes, mas em 2021 morreu mais gente do que 2020. S\u00f3 que em 2020 o presidente era o Trump e foi taxado de \u2018genocida\u2019, pela CNN americana. E agora morreu mais gente com Joe Biden e ningu\u00e9m chama o cara de genocida. Nenhum dos dois s\u00e3o genocidas\u201d, disse Bolsonaro.<\/p>\n<p style=\"text-align: justify;\">\n<p style=\"text-align: justify;\">fonte: Poder 360<\/p>\n","protected":false},"excerpt":{"rendered":"<p>O presidente Jair Bolsonaro falou nesta 5\u00aa feira sobre a alta no n\u00famero de mortes por covid-19 nos Estados Unidos. Ele afirmou que mesmo com o n\u00famero elevado de mortes o presidente Joe Biden n\u00e3o \u00e9 chamado de \u201cgenocida\u201d, como ocorreu com Donald Trump, segundo Bolsonaro. \u201cO n\u00famero de morte na era Trump \u2013 que [&hellip;]<\/p>\n","protected":false},"author":2,"featured_media":164359,"comment_status":"open","ping_status":"open","sticky":false,"template":"","format":"standard","meta":{"_monsterinsights_skip_tracking":false,"_monsterinsights_sitenote_active":false,"_monsterinsights_sitenote_note":"","_monsterinsights_sitenote_category":0},"categories":[30260,7,30259],"tags":[],"aioseo_notices":[],"_links":{"self":[{"href":"https:\/\/mspontocom.com.br\/site\/wp-json\/wp\/v2\/posts\/164349"}],"collection":[{"href":"https:\/\/mspontocom.com.br\/site\/wp-json\/wp\/v2\/posts"}],"about":[{"href":"https:\/\/mspontocom.com.br\/site\/wp-json\/wp\/v2\/types\/post"}],"author":[{"embeddable":true,"href":"https:\/\/mspontocom.com.br\/site\/wp-json\/wp\/v2\/users\/2"}],"replies":[{"embeddable":true,"href":"https:\/\/mspontocom.com.br\/site\/wp-json\/wp\/v2\/comments?post=164349"}],"version-history":[{"count":2,"href":"https:\/\/mspontocom.com.br\/site\/wp-json\/wp\/v2\/posts\/164349\/revisions"}],"predecessor-version":[{"id":164360,"href":"https:\/\/mspontocom.com.br\/site\/wp-json\/wp\/v2\/posts\/164349\/revisions\/164360"}],"wp:featuredmedia":[{"embeddable":true,"href":"https:\/\/mspontocom.com.br\/site\/wp-json\/wp\/v2\/media\/164359"}],"wp:attachment":[{"href":"https:\/\/mspontocom.com.br\/site\/wp-json\/wp\/v2\/media?parent=164349"}],"wp:term":[{"taxonomy":"category","embeddable":true,"href":"https:\/\/mspontocom.com.br\/site\/wp-json\/wp\/v2\/categories?post=164349"},{"taxonomy":"post_tag","embeddable":true,"href":"https:\/\/mspontocom.com.br\/site\/wp-json\/wp\/v2\/tags?post=164349"}],"curies":[{"name":"wp","href":"https:\/\/api.w.org\/{rel}","templated":true}]}}