{"id":164785,"date":"2021-10-25T04:58:16","date_gmt":"2021-10-25T08:58:16","guid":{"rendered":"https:\/\/mspontocom.com.br\/site\/?p=164785"},"modified":"2021-10-25T05:49:34","modified_gmt":"2021-10-25T09:49:34","slug":"convidado-pela-the-left-psol-entregara-relatorio-da-cpi-a-onu","status":"publish","type":"post","link":"https:\/\/mspontocom.com.br\/site\/convidado-pela-the-left-psol-entregara-relatorio-da-cpi-a-onu\/","title":{"rendered":"Convidado pela The Left,  PSOL entregar\u00e1 relat\u00f3rio da CPI \u00e0 ONU"},"content":{"rendered":"<p class=\"first-paragraph\" style=\"text-align: justify;\"><img loading=\"lazy\" class=\"alignnone size-full wp-image-164791\" src=\"https:\/\/mspontocom.com.br\/site\/wp-content\/uploads\/2021\/10\/site-convidada-pela-the-left-psol-entregara-relatorio-da-cpi-a-onu-cpi-m-flags20130319-e1635152215540.jpg\" alt=\"\" width=\"987\" height=\"467\" srcset=\"https:\/\/mspontocom.com.br\/site\/wp-content\/uploads\/2021\/10\/site-convidada-pela-the-left-psol-entregara-relatorio-da-cpi-a-onu-cpi-m-flags20130319-e1635152215540.jpg 987w, https:\/\/mspontocom.com.br\/site\/wp-content\/uploads\/2021\/10\/site-convidada-pela-the-left-psol-entregara-relatorio-da-cpi-a-onu-cpi-m-flags20130319-e1635152215540-260x123.jpg 260w, https:\/\/mspontocom.com.br\/site\/wp-content\/uploads\/2021\/10\/site-convidada-pela-the-left-psol-entregara-relatorio-da-cpi-a-onu-cpi-m-flags20130319-e1635152215540-768x363.jpg 768w\" sizes=\"(max-width: 987px) 100vw, 987px\" \/>A deputada Fernanda Melchionna\u00a0(Psol-RS) foi escolhida pela <strong>CPI da Covid<\/strong> para ir ao Alto Comissariado da ONU, em Genebra, entregar o relat\u00f3rio final da comiss\u00e3o.<\/p>\n<p class=\"first-paragraph\" style=\"text-align: justify;\">O documento pede o indiciamento do presidente <strong>Jair Bolsonaro<\/strong> e mais 65 pessoas, entre elas, membros do governo, parlamentares e agentes da sa\u00fade.<\/p>\n<p style=\"text-align: justify;\">A\u00a0 deputada deve participar da reuni\u00e3o do colegiado no dia 26 de outubro, quando ocorre a vota\u00e7\u00e3o do relat\u00f3rio.<\/p>\n<p style=\"text-align: justify;\">Melchionna foi convidada \u00e0 Su\u00ed\u00e7a pela organiza\u00e7\u00e3o\u00a0<strong><em>The Left<\/em><\/strong>\u00a0para participar do grupo de trabalho intergovernamental da ONU.<\/p>\n<p style=\"text-align: justify;\">Nas redes sociais, a parlamentar informou que apontar\u00e1 Bolsonaro como um perigo ao planeta.<\/p>\n","protected":false},"excerpt":{"rendered":"<p>A deputada Fernanda Melchionna\u00a0(Psol-RS) foi escolhida pela CPI da Covid para ir ao Alto Comissariado da ONU, em Genebra, entregar o relat\u00f3rio final da comiss\u00e3o. O documento pede o indiciamento do presidente Jair Bolsonaro e mais 65 pessoas, entre elas, membros do governo, parlamentares e agentes da sa\u00fade. A\u00a0 deputada deve participar da reuni\u00e3o do [&hellip;]<\/p>\n","protected":false},"author":2,"featured_media":164791,"comment_status":"open","ping_status":"open","sticky":false,"template":"","format":"standard","meta":{"_monsterinsights_skip_tracking":false,"_monsterinsights_sitenote_active":false,"_monsterinsights_sitenote_note":"","_monsterinsights_sitenote_category":0},"categories":[30260,7,30259,12],"tags":[],"aioseo_notices":[],"_links":{"self":[{"href":"https:\/\/mspontocom.com.br\/site\/wp-json\/wp\/v2\/posts\/164785"}],"collection":[{"href":"https:\/\/mspontocom.com.br\/site\/wp-json\/wp\/v2\/posts"}],"about":[{"href":"https:\/\/mspontocom.com.br\/site\/wp-json\/wp\/v2\/types\/post"}],"author":[{"embeddable":true,"href":"https:\/\/mspontocom.com.br\/site\/wp-json\/wp\/v2\/users\/2"}],"replies":[{"embeddable":true,"href":"https:\/\/mspontocom.com.br\/site\/wp-json\/wp\/v2\/comments?post=164785"}],"version-history":[{"count":3,"href":"https:\/\/mspontocom.com.br\/site\/wp-json\/wp\/v2\/posts\/164785\/revisions"}],"predecessor-version":[{"id":164798,"href":"https:\/\/mspontocom.com.br\/site\/wp-json\/wp\/v2\/posts\/164785\/revisions\/164798"}],"wp:featuredmedia":[{"embeddable":true,"href":"https:\/\/mspontocom.com.br\/site\/wp-json\/wp\/v2\/media\/164791"}],"wp:attachment":[{"href":"https:\/\/mspontocom.com.br\/site\/wp-json\/wp\/v2\/media?parent=164785"}],"wp:term":[{"taxonomy":"category","embeddable":true,"href":"https:\/\/mspontocom.com.br\/site\/wp-json\/wp\/v2\/categories?post=164785"},{"taxonomy":"post_tag","embeddable":true,"href":"https:\/\/mspontocom.com.br\/site\/wp-json\/wp\/v2\/tags?post=164785"}],"curies":[{"name":"wp","href":"https:\/\/api.w.org\/{rel}","templated":true}]}}