{"id":164965,"date":"2021-10-31T06:03:09","date_gmt":"2021-10-31T10:03:09","guid":{"rendered":"https:\/\/mspontocom.com.br\/site\/?p=164965"},"modified":"2021-10-31T06:03:09","modified_gmt":"2021-10-31T10:03:09","slug":"no-g20-bolsonaro-valoriza-investimento-em-infraestrutura-e-avanco-da-vacinacao","status":"publish","type":"post","link":"https:\/\/mspontocom.com.br\/site\/no-g20-bolsonaro-valoriza-investimento-em-infraestrutura-e-avanco-da-vacinacao\/","title":{"rendered":"No G20, Bolsonaro valoriza investimento em infraestrutura e avan\u00e7o da vacina\u00e7\u00e3o"},"content":{"rendered":"<p><img loading=\"lazy\" class=\"size-full wp-image-164966\" src=\"https:\/\/mspontocom.com.br\/site\/wp-content\/uploads\/2021\/10\/site-no-g20-bolsonaro-valoriza-investimento-em-infraestrutura-e-avanco-da-vacinacao-g20-e1635674519408.jpg\" alt=\"\" width=\"744\" height=\"491\" srcset=\"https:\/\/mspontocom.com.br\/site\/wp-content\/uploads\/2021\/10\/site-no-g20-bolsonaro-valoriza-investimento-em-infraestrutura-e-avanco-da-vacinacao-g20-e1635674519408.jpg 744w, https:\/\/mspontocom.com.br\/site\/wp-content\/uploads\/2021\/10\/site-no-g20-bolsonaro-valoriza-investimento-em-infraestrutura-e-avanco-da-vacinacao-g20-e1635674519408-260x172.jpg 260w\" sizes=\"(max-width: 744px) 100vw, 744px\" \/><\/p>\n<p style=\"text-align: justify;\">O presidente <strong>Jair Bolsonaro<\/strong>\u00a0falou sobre o avan\u00e7o da \u201c<strong>vacina\u00e7\u00e3o<\/strong>\u00a0<strong>volunt\u00e1ria<\/strong>\u201d contra a <strong>Covid-19<\/strong> no Brasil neste s\u00e1bado, 30, durante discurso de abertura da reuni\u00e3o do G20 (grupo que re\u00fane os l\u00edderes das 20 maiores economias do mundo), em Roma, na It\u00e1lia.<\/p>\n<p style=\"text-align: justify;\">Em seu pronunciamento, o chefe do Executivo citou que \u201cmais de 94% da\u00a0<span class=\"s1\">popula\u00e7\u00e3o adulta j\u00e1 recebeu pelo menos uma dose da vacina\u201d.<\/span><\/p>\n<p style=\"text-align: justify;\"><span class=\"s1\">Segundo ele, o desafio dos pa\u00edses \u00e9 garantir um \u201ccrescimento econ\u00f4mico mais est\u00e1vel e equitativo\u201d.<\/span><span class=\"s1\">\u00a0\u201cO Brasil se comprometeu com um programa extensivo e eficiente de vacina\u00e7\u00e3o, em paralelo a uma agenda de aux\u00edlio emergencial e preserva\u00e7\u00e3o do emprego para a prote\u00e7\u00e3o dos mais vulner\u00e1veis.\u201d<\/span><\/p>\n<p style=\"text-align: justify;\"><span class=\"s1\">\u201cEstamos igualmente comprometidos com uma agenda de reformas estruturantes, essenciais para uma retomada econ\u00f4mica sustentada\u201d, afirmou, citando volume de\u00a0<strong>US$ 110 bilh\u00f5es<\/strong>\u00a0em investimentos para <strong>infraestrutura<\/strong> e assegurando que a expectativa \u00e9 \u201calcan\u00e7ar valores ainda superiores at\u00e9 2022\u201d.\u00a0<\/span><\/p>\n<p style=\"text-align: justify;\">Ainda em seu discurso, Bolsonaro defendeu \u201c<span class=\"s1\">um com\u00e9rcio internacional livre de medidas distorcidas e discriminat\u00f3rias\u201d para a constru\u00e7\u00e3o de solu\u00e7\u00f5es que visem a \u201crecupera\u00e7\u00e3o e o\u00a0<strong>desenvolvimento sustent\u00e1vel<\/strong>\u201c.<\/span><\/p>\n<p>&nbsp;<\/p>\n<p>foto:\u00a0REUTERS\/Guglielmo Mangiapane<\/p>\n","protected":false},"excerpt":{"rendered":"<p>O presidente Jair Bolsonaro\u00a0falou sobre o avan\u00e7o da \u201cvacina\u00e7\u00e3o\u00a0volunt\u00e1ria\u201d contra a Covid-19 no Brasil neste s\u00e1bado, 30, durante discurso de abertura da reuni\u00e3o do G20 (grupo que re\u00fane os l\u00edderes das 20 maiores economias do mundo), em Roma, na It\u00e1lia. Em seu pronunciamento, o chefe do Executivo citou que \u201cmais de 94% da\u00a0popula\u00e7\u00e3o adulta j\u00e1 [&hellip;]<\/p>\n","protected":false},"author":2,"featured_media":164966,"comment_status":"open","ping_status":"open","sticky":false,"template":"","format":"standard","meta":{"_monsterinsights_skip_tracking":false,"_monsterinsights_sitenote_active":false,"_monsterinsights_sitenote_note":"","_monsterinsights_sitenote_category":0},"categories":[30260,7,30259],"tags":[],"aioseo_notices":[],"_links":{"self":[{"href":"https:\/\/mspontocom.com.br\/site\/wp-json\/wp\/v2\/posts\/164965"}],"collection":[{"href":"https:\/\/mspontocom.com.br\/site\/wp-json\/wp\/v2\/posts"}],"about":[{"href":"https:\/\/mspontocom.com.br\/site\/wp-json\/wp\/v2\/types\/post"}],"author":[{"embeddable":true,"href":"https:\/\/mspontocom.com.br\/site\/wp-json\/wp\/v2\/users\/2"}],"replies":[{"embeddable":true,"href":"https:\/\/mspontocom.com.br\/site\/wp-json\/wp\/v2\/comments?post=164965"}],"version-history":[{"count":1,"href":"https:\/\/mspontocom.com.br\/site\/wp-json\/wp\/v2\/posts\/164965\/revisions"}],"predecessor-version":[{"id":164967,"href":"https:\/\/mspontocom.com.br\/site\/wp-json\/wp\/v2\/posts\/164965\/revisions\/164967"}],"wp:featuredmedia":[{"embeddable":true,"href":"https:\/\/mspontocom.com.br\/site\/wp-json\/wp\/v2\/media\/164966"}],"wp:attachment":[{"href":"https:\/\/mspontocom.com.br\/site\/wp-json\/wp\/v2\/media?parent=164965"}],"wp:term":[{"taxonomy":"category","embeddable":true,"href":"https:\/\/mspontocom.com.br\/site\/wp-json\/wp\/v2\/categories?post=164965"},{"taxonomy":"post_tag","embeddable":true,"href":"https:\/\/mspontocom.com.br\/site\/wp-json\/wp\/v2\/tags?post=164965"}],"curies":[{"name":"wp","href":"https:\/\/api.w.org\/{rel}","templated":true}]}}