{"id":165436,"date":"2021-11-18T05:45:19","date_gmt":"2021-11-18T09:45:19","guid":{"rendered":"https:\/\/mspontocom.com.br\/site\/?p=165436"},"modified":"2021-11-18T05:45:19","modified_gmt":"2021-11-18T09:45:19","slug":"lula-nao-deve-ser-tratado-como-chefe-de-estado-mas-como-prisioneiro-diz-jovem-pan","status":"publish","type":"post","link":"https:\/\/mspontocom.com.br\/site\/lula-nao-deve-ser-tratado-como-chefe-de-estado-mas-como-prisioneiro-diz-jovem-pan\/","title":{"rendered":"\u2018Lula n\u00e3o deve ser tratado como chefe de Estado, mas como prisioneiro\u2019, diz Jovem Pan"},"content":{"rendered":"<p style=\"text-align: justify;\"><img loading=\"lazy\" class=\"alignnone size-full wp-image-165440\" src=\"https:\/\/mspontocom.com.br\/site\/wp-content\/uploads\/2021\/11\/site-lula-nao-deve-ser-tratado-como-chefe-de-estado-mas-como-prisioneiro-diz-jovem-pan-lula-macron-e1637228650735.jpg\" alt=\"\" width=\"882\" height=\"572\" srcset=\"https:\/\/mspontocom.com.br\/site\/wp-content\/uploads\/2021\/11\/site-lula-nao-deve-ser-tratado-como-chefe-de-estado-mas-como-prisioneiro-diz-jovem-pan-lula-macron-e1637228650735.jpg 882w, https:\/\/mspontocom.com.br\/site\/wp-content\/uploads\/2021\/11\/site-lula-nao-deve-ser-tratado-como-chefe-de-estado-mas-como-prisioneiro-diz-jovem-pan-lula-macron-e1637228650735-260x169.jpg 260w, https:\/\/mspontocom.com.br\/site\/wp-content\/uploads\/2021\/11\/site-lula-nao-deve-ser-tratado-como-chefe-de-estado-mas-como-prisioneiro-diz-jovem-pan-lula-macron-e1637228650735-768x498.jpg 768w\" sizes=\"(max-width: 882px) 100vw, 882px\" \/>O presidente da Fran\u00e7a, <strong>Emmanuel Macron,<\/strong> se encontrou com o ex-presidente <b>Lula\u00a0<\/b>em Paris nesta quarta-feira, 17.<\/p>\n<p style=\"text-align: justify;\">Durante sua participa\u00e7\u00e3o no programa\u00a0<a href=\"https:\/\/jovempan.com.br\/tag\/3-em-1\"><strong>3 em 1<\/strong><\/a>, da\u00a0<strong>Jovem Pan<\/strong>, o comentarista Rodrigo Constantino\u00a0falou sobre a viagem de Lula \u00e0 Europa e o encontro com Macron.<\/p>\n<p style=\"text-align: justify;\">Para o comentarista, o tratamento dado ao petista n\u00e3o \u00e9 o correto, uma vez que ele merecia ser tratado como \u201cprisioneiro\u201d.<\/p>\n<p style=\"text-align: justify;\">O comentarista tamb\u00e9m criticou as decis\u00f5es do<strong> STF<\/strong> que levaram \u00e0 soltura do ex-presidente.<\/p>\n<p style=\"text-align: justify;\">\u201cO Macron sempre foi o \u2018Lacron\u2019 e isso diz mais sobre ele do que sobre o Lula. O Lula merece ser tratado como chefe de estado? Claro que n\u00e3o, merece ser tratado como prisioneiro. Ele estaria l\u00e1 em qualquer pa\u00eds s\u00e9rio se n\u00e3o fossem os companheiros supremos que acham que o Brasil j\u00e1 vive no\u00a0<strong>semipresidencialismo<\/strong>, em <strong>\u2018Togaquist\u00e3o&#8217;\u201d<\/strong>, afirmou Constantino.<\/p>\n","protected":false},"excerpt":{"rendered":"<p>O presidente da Fran\u00e7a, Emmanuel Macron, se encontrou com o ex-presidente Lula\u00a0em Paris nesta quarta-feira, 17. Durante sua participa\u00e7\u00e3o no programa\u00a03 em 1, da\u00a0Jovem Pan, o comentarista Rodrigo Constantino\u00a0falou sobre a viagem de Lula \u00e0 Europa e o encontro com Macron. Para o comentarista, o tratamento dado ao petista n\u00e3o \u00e9 o correto, uma vez [&hellip;]<\/p>\n","protected":false},"author":2,"featured_media":165440,"comment_status":"open","ping_status":"open","sticky":false,"template":"","format":"standard","meta":{"_monsterinsights_skip_tracking":false,"_monsterinsights_sitenote_active":false,"_monsterinsights_sitenote_note":"","_monsterinsights_sitenote_category":0},"categories":[30260,7,30259],"tags":[],"aioseo_notices":[],"_links":{"self":[{"href":"https:\/\/mspontocom.com.br\/site\/wp-json\/wp\/v2\/posts\/165436"}],"collection":[{"href":"https:\/\/mspontocom.com.br\/site\/wp-json\/wp\/v2\/posts"}],"about":[{"href":"https:\/\/mspontocom.com.br\/site\/wp-json\/wp\/v2\/types\/post"}],"author":[{"embeddable":true,"href":"https:\/\/mspontocom.com.br\/site\/wp-json\/wp\/v2\/users\/2"}],"replies":[{"embeddable":true,"href":"https:\/\/mspontocom.com.br\/site\/wp-json\/wp\/v2\/comments?post=165436"}],"version-history":[{"count":2,"href":"https:\/\/mspontocom.com.br\/site\/wp-json\/wp\/v2\/posts\/165436\/revisions"}],"predecessor-version":[{"id":165441,"href":"https:\/\/mspontocom.com.br\/site\/wp-json\/wp\/v2\/posts\/165436\/revisions\/165441"}],"wp:featuredmedia":[{"embeddable":true,"href":"https:\/\/mspontocom.com.br\/site\/wp-json\/wp\/v2\/media\/165440"}],"wp:attachment":[{"href":"https:\/\/mspontocom.com.br\/site\/wp-json\/wp\/v2\/media?parent=165436"}],"wp:term":[{"taxonomy":"category","embeddable":true,"href":"https:\/\/mspontocom.com.br\/site\/wp-json\/wp\/v2\/categories?post=165436"},{"taxonomy":"post_tag","embeddable":true,"href":"https:\/\/mspontocom.com.br\/site\/wp-json\/wp\/v2\/tags?post=165436"}],"curies":[{"name":"wp","href":"https:\/\/api.w.org\/{rel}","templated":true}]}}