{"id":165920,"date":"2021-12-05T06:21:40","date_gmt":"2021-12-05T10:21:40","guid":{"rendered":"https:\/\/mspontocom.com.br\/site\/?p=165920"},"modified":"2021-12-05T06:21:40","modified_gmt":"2021-12-05T10:21:40","slug":"multidao-protesta-contra-lockdown-e-obrigatoriedade-da-vacina-na-austria","status":"publish","type":"post","link":"https:\/\/mspontocom.com.br\/site\/multidao-protesta-contra-lockdown-e-obrigatoriedade-da-vacina-na-austria\/","title":{"rendered":"Multid\u00e3o protesta contra lockdown e obrigatoriedade da vacina na \u00c1ustria"},"content":{"rendered":"<p style=\"text-align: justify;\"><img loading=\"lazy\" class=\"alignnone size-large wp-image-165921\" src=\"https:\/\/mspontocom.com.br\/site\/wp-content\/uploads\/2021\/12\/site-multidao-protesta-contra-lockdown-e-obrigatoriedade-da-vacina-na-austria-austria-e1638699631760-1024x566.jpg\" alt=\"\" width=\"1024\" height=\"566\" srcset=\"https:\/\/mspontocom.com.br\/site\/wp-content\/uploads\/2021\/12\/site-multidao-protesta-contra-lockdown-e-obrigatoriedade-da-vacina-na-austria-austria-e1638699631760-1024x566.jpg 1024w, https:\/\/mspontocom.com.br\/site\/wp-content\/uploads\/2021\/12\/site-multidao-protesta-contra-lockdown-e-obrigatoriedade-da-vacina-na-austria-austria-e1638699631760-260x144.jpg 260w, https:\/\/mspontocom.com.br\/site\/wp-content\/uploads\/2021\/12\/site-multidao-protesta-contra-lockdown-e-obrigatoriedade-da-vacina-na-austria-austria-e1638699631760-768x425.jpg 768w, https:\/\/mspontocom.com.br\/site\/wp-content\/uploads\/2021\/12\/site-multidao-protesta-contra-lockdown-e-obrigatoriedade-da-vacina-na-austria-austria-e1638699631760.jpg 1080w\" sizes=\"(max-width: 1024px) 100vw, 1024px\" \/>Milhares de pessoas sa\u00edram \u00e0s ruas de Viena na <strong>\u00c1ustria,<\/strong> neste s\u00e1bado, 4, para protestar contra o <strong>lockdown<\/strong> e os planos do governo de implantar a <strong>obrigatoriedade da vacina\u00e7\u00e3o<\/strong> contra a\u00a0<a href=\"https:\/\/jovempan.com.br\/tag\/covid-19\"><strong>Covid-19<\/strong>\u00a0<\/a>no pa\u00eds.<\/p>\n<p style=\"text-align: justify;\">Das cerca de 20 manifesta\u00e7\u00f5es que haviam sido convocadas hoje na capital austr\u00edaca, a principal contou com a presen\u00e7a de mais de 40 mil pessoas, segundo estimativas da pol\u00edcia.<\/p>\n<p style=\"text-align: justify;\">A maioria n\u00e3o usava m\u00e1scaras e n\u00e3o houve distanciamento social.<\/p>\n<p style=\"text-align: justify;\">A pol\u00edcia usou g\u00e1s de pimenta para dispersar os protestos, mas nenhum incidente grave foi reportado, segundo a emissora p\u00fablica de televis\u00e3o \u201cORF\u201d.<\/p>\n<p style=\"text-align: justify;\">A maioria dos manifestantes carregavam cartazes com mensagens de recusa \u00e0s vacinas e \u00e0 lei que o governo est\u00e1 preparando para torn\u00e1-las obrigat\u00f3rias a partir de fevereiro de 2022.<\/p>\n<p style=\"text-align: justify;\">Desde 21 de novembro, a \u00c1ustria est\u00e1 em <strong>lockdown<\/strong> para tentar combater a propaga\u00e7\u00e3o do coronav\u00edrus, com o fechamento de restaurantes, hot\u00e9is, museus, com\u00e9rcio n\u00e3o essencial e proibi\u00e7\u00e3o de eventos.<\/p>\n<p style=\"text-align: justify;\">\n","protected":false},"excerpt":{"rendered":"<p>Milhares de pessoas sa\u00edram \u00e0s ruas de Viena na \u00c1ustria, neste s\u00e1bado, 4, para protestar contra o lockdown e os planos do governo de implantar a obrigatoriedade da vacina\u00e7\u00e3o contra a\u00a0Covid-19\u00a0no pa\u00eds. Das cerca de 20 manifesta\u00e7\u00f5es que haviam sido convocadas hoje na capital austr\u00edaca, a principal contou com a presen\u00e7a de mais de 40 [&hellip;]<\/p>\n","protected":false},"author":2,"featured_media":165921,"comment_status":"open","ping_status":"open","sticky":false,"template":"","format":"standard","meta":{"_monsterinsights_skip_tracking":false,"_monsterinsights_sitenote_active":false,"_monsterinsights_sitenote_note":"","_monsterinsights_sitenote_category":0},"categories":[30260,7,30259],"tags":[],"aioseo_notices":[],"_links":{"self":[{"href":"https:\/\/mspontocom.com.br\/site\/wp-json\/wp\/v2\/posts\/165920"}],"collection":[{"href":"https:\/\/mspontocom.com.br\/site\/wp-json\/wp\/v2\/posts"}],"about":[{"href":"https:\/\/mspontocom.com.br\/site\/wp-json\/wp\/v2\/types\/post"}],"author":[{"embeddable":true,"href":"https:\/\/mspontocom.com.br\/site\/wp-json\/wp\/v2\/users\/2"}],"replies":[{"embeddable":true,"href":"https:\/\/mspontocom.com.br\/site\/wp-json\/wp\/v2\/comments?post=165920"}],"version-history":[{"count":2,"href":"https:\/\/mspontocom.com.br\/site\/wp-json\/wp\/v2\/posts\/165920\/revisions"}],"predecessor-version":[{"id":165923,"href":"https:\/\/mspontocom.com.br\/site\/wp-json\/wp\/v2\/posts\/165920\/revisions\/165923"}],"wp:featuredmedia":[{"embeddable":true,"href":"https:\/\/mspontocom.com.br\/site\/wp-json\/wp\/v2\/media\/165921"}],"wp:attachment":[{"href":"https:\/\/mspontocom.com.br\/site\/wp-json\/wp\/v2\/media?parent=165920"}],"wp:term":[{"taxonomy":"category","embeddable":true,"href":"https:\/\/mspontocom.com.br\/site\/wp-json\/wp\/v2\/categories?post=165920"},{"taxonomy":"post_tag","embeddable":true,"href":"https:\/\/mspontocom.com.br\/site\/wp-json\/wp\/v2\/tags?post=165920"}],"curies":[{"name":"wp","href":"https:\/\/api.w.org\/{rel}","templated":true}]}}