{"id":166018,"date":"2021-12-08T06:23:57","date_gmt":"2021-12-08T10:23:57","guid":{"rendered":"https:\/\/mspontocom.com.br\/site\/?p=166018"},"modified":"2021-12-08T06:23:57","modified_gmt":"2021-12-08T10:23:57","slug":"bolsonaro-e-eleito-a-personalidade-do-ano-da-revista-time","status":"publish","type":"post","link":"https:\/\/mspontocom.com.br\/site\/bolsonaro-e-eleito-a-personalidade-do-ano-da-revista-time\/","title":{"rendered":"Bolsonaro \u00e9 eleito a personalidade do ano da revista TIME"},"content":{"rendered":"<p style=\"text-align: justify;\"><img loading=\"lazy\" class=\"alignnone size-full wp-image-166035\" src=\"https:\/\/mspontocom.com.br\/site\/wp-content\/uploads\/2021\/12\/site-bolsonaro-e-eleito-a-personalidade-do-ano-da-revista-time-revistatime-960x540-e1638958990334.jpg\" alt=\"\" width=\"945\" height=\"523\" srcset=\"https:\/\/mspontocom.com.br\/site\/wp-content\/uploads\/2021\/12\/site-bolsonaro-e-eleito-a-personalidade-do-ano-da-revista-time-revistatime-960x540-e1638958990334.jpg 945w, https:\/\/mspontocom.com.br\/site\/wp-content\/uploads\/2021\/12\/site-bolsonaro-e-eleito-a-personalidade-do-ano-da-revista-time-revistatime-960x540-e1638958990334-260x144.jpg 260w, https:\/\/mspontocom.com.br\/site\/wp-content\/uploads\/2021\/12\/site-bolsonaro-e-eleito-a-personalidade-do-ano-da-revista-time-revistatime-960x540-e1638958990334-768x425.jpg 768w\" sizes=\"(max-width: 945px) 100vw, 945px\" \/>O presidente da Rep\u00fablica, <strong>Jair Bolsonaro<\/strong>, foi eleito a <strong>Personalidade do Ano de 2021<\/strong> pela revista TIME com 24% dos votos.<\/p>\n<p style=\"text-align: justify;\">A elei\u00e7\u00e3o da<strong> TIME<\/strong> recebeu cerca de 9 milh\u00f5es de votos de leitores, dos quais 2,1 milh\u00f5es foram para Bolsonaro.<\/p>\n<p style=\"text-align: justify;\">Bolsonaro superou o ex-presidente americano<strong> Donald Trump<\/strong>, que teve 9% e ficou em segundo lugar.<\/p>\n<p style=\"text-align: justify;\">Em terceiro, com 6,3% dos votos, aparecem os profissionais de sa\u00fade que atuaram para salvar as vidas de quem contraiu covid.<\/p>\n<p style=\"text-align: justify;\">A revista tamb\u00e9m far\u00e1 uma \u201cescolha dos editores\u201d para a premia\u00e7\u00e3o, que inclui a \u201cpessoa do ano\u201d e deve ter os resultados divulgados na pr\u00f3xima segunda (13).<\/p>\n","protected":false},"excerpt":{"rendered":"<p>O presidente da Rep\u00fablica, Jair Bolsonaro, foi eleito a Personalidade do Ano de 2021 pela revista TIME com 24% dos votos. A elei\u00e7\u00e3o da TIME recebeu cerca de 9 milh\u00f5es de votos de leitores, dos quais 2,1 milh\u00f5es foram para Bolsonaro. Bolsonaro superou o ex-presidente americano Donald Trump, que teve 9% e ficou em segundo [&hellip;]<\/p>\n","protected":false},"author":2,"featured_media":166035,"comment_status":"open","ping_status":"open","sticky":false,"template":"","format":"standard","meta":{"_monsterinsights_skip_tracking":false,"_monsterinsights_sitenote_active":false,"_monsterinsights_sitenote_note":"","_monsterinsights_sitenote_category":0},"categories":[30260,7,30259],"tags":[],"aioseo_notices":[],"_links":{"self":[{"href":"https:\/\/mspontocom.com.br\/site\/wp-json\/wp\/v2\/posts\/166018"}],"collection":[{"href":"https:\/\/mspontocom.com.br\/site\/wp-json\/wp\/v2\/posts"}],"about":[{"href":"https:\/\/mspontocom.com.br\/site\/wp-json\/wp\/v2\/types\/post"}],"author":[{"embeddable":true,"href":"https:\/\/mspontocom.com.br\/site\/wp-json\/wp\/v2\/users\/2"}],"replies":[{"embeddable":true,"href":"https:\/\/mspontocom.com.br\/site\/wp-json\/wp\/v2\/comments?post=166018"}],"version-history":[{"count":2,"href":"https:\/\/mspontocom.com.br\/site\/wp-json\/wp\/v2\/posts\/166018\/revisions"}],"predecessor-version":[{"id":166036,"href":"https:\/\/mspontocom.com.br\/site\/wp-json\/wp\/v2\/posts\/166018\/revisions\/166036"}],"wp:featuredmedia":[{"embeddable":true,"href":"https:\/\/mspontocom.com.br\/site\/wp-json\/wp\/v2\/media\/166035"}],"wp:attachment":[{"href":"https:\/\/mspontocom.com.br\/site\/wp-json\/wp\/v2\/media?parent=166018"}],"wp:term":[{"taxonomy":"category","embeddable":true,"href":"https:\/\/mspontocom.com.br\/site\/wp-json\/wp\/v2\/categories?post=166018"},{"taxonomy":"post_tag","embeddable":true,"href":"https:\/\/mspontocom.com.br\/site\/wp-json\/wp\/v2\/tags?post=166018"}],"curies":[{"name":"wp","href":"https:\/\/api.w.org\/{rel}","templated":true}]}}