{"id":166349,"date":"2021-12-20T05:44:15","date_gmt":"2021-12-20T09:44:15","guid":{"rendered":"https:\/\/mspontocom.com.br\/site\/?p=166349"},"modified":"2021-12-20T05:44:15","modified_gmt":"2021-12-20T09:44:15","slug":"lula-comemora-vitoria-da-esquerda-no-chile","status":"publish","type":"post","link":"https:\/\/mspontocom.com.br\/site\/lula-comemora-vitoria-da-esquerda-no-chile\/","title":{"rendered":"Lula comemora vit\u00f3ria da esquerda no Chile"},"content":{"rendered":"<p><img loading=\"lazy\" class=\"alignnone size-full wp-image-166357\" src=\"https:\/\/mspontocom.com.br\/site\/wp-content\/uploads\/2021\/12\/site-lula-comemora-vitoria-da-esquerda-no-chile-lula-boric-e1639993376993.jpg\" alt=\"\" width=\"648\" height=\"355\" srcset=\"https:\/\/mspontocom.com.br\/site\/wp-content\/uploads\/2021\/12\/site-lula-comemora-vitoria-da-esquerda-no-chile-lula-boric-e1639993376993.jpg 648w, https:\/\/mspontocom.com.br\/site\/wp-content\/uploads\/2021\/12\/site-lula-comemora-vitoria-da-esquerda-no-chile-lula-boric-e1639993376993-260x142.jpg 260w\" sizes=\"(max-width: 648px) 100vw, 648px\" \/><\/p>\n<p>Pol\u00edticos da esquerda e centro-esquerda brasileiras comemoraram a vit\u00f3ria de <strong>Gabriel Boric,<\/strong> eleito presidente do <strong>Chile<\/strong> ap\u00f3s superar o advers\u00e1rio de direita Jos\u00e9 Antonio Kast.<\/p>\n<p>Para muitos, o resultado no vizinho sul-americano pode significar a chegada de &#8220;novos ventos&#8221; no Brasil nas elei\u00e7\u00f5es de 2022 \u2014 ou, na vis\u00e3o deles, uma derrota do presidente <strong>Jair Bolsonaro<\/strong> (PL) nas urnas.<\/p>\n<p>Com 100% das urnas apuradas, Boric conquistou 55,86% dos votos v\u00e1lidos no Chile \u2014 mais de 11 pontos \u00e0 frente de Kast (44,14%).<\/p>\n<p>&#8220;Parabenizo o companheiro Gabriel Boric por sua elei\u00e7\u00e3o para presidente do Chile. Fico feliz por mais uma vit\u00f3ria de um candidato democrata e progressista na nossa Am\u00e9rica Latina, para a constru\u00e7\u00e3o de um futuro melhor para todos&#8221;, escreveu em uma rede social o ex-presidente <strong>Luiz In\u00e1cio Lula da Silva (PT),<\/strong> pr\u00e9-candidato para 2022.<\/p>\n","protected":false},"excerpt":{"rendered":"<p>Pol\u00edticos da esquerda e centro-esquerda brasileiras comemoraram a vit\u00f3ria de Gabriel Boric, eleito presidente do Chile ap\u00f3s superar o advers\u00e1rio de direita Jos\u00e9 Antonio Kast. Para muitos, o resultado no vizinho sul-americano pode significar a chegada de &#8220;novos ventos&#8221; no Brasil nas elei\u00e7\u00f5es de 2022 \u2014 ou, na vis\u00e3o deles, uma derrota do presidente Jair [&hellip;]<\/p>\n","protected":false},"author":2,"featured_media":166357,"comment_status":"open","ping_status":"open","sticky":false,"template":"","format":"standard","meta":{"_monsterinsights_skip_tracking":false,"_monsterinsights_sitenote_active":false,"_monsterinsights_sitenote_note":"","_monsterinsights_sitenote_category":0},"categories":[30260,7,30259],"tags":[],"aioseo_notices":[],"_links":{"self":[{"href":"https:\/\/mspontocom.com.br\/site\/wp-json\/wp\/v2\/posts\/166349"}],"collection":[{"href":"https:\/\/mspontocom.com.br\/site\/wp-json\/wp\/v2\/posts"}],"about":[{"href":"https:\/\/mspontocom.com.br\/site\/wp-json\/wp\/v2\/types\/post"}],"author":[{"embeddable":true,"href":"https:\/\/mspontocom.com.br\/site\/wp-json\/wp\/v2\/users\/2"}],"replies":[{"embeddable":true,"href":"https:\/\/mspontocom.com.br\/site\/wp-json\/wp\/v2\/comments?post=166349"}],"version-history":[{"count":2,"href":"https:\/\/mspontocom.com.br\/site\/wp-json\/wp\/v2\/posts\/166349\/revisions"}],"predecessor-version":[{"id":166358,"href":"https:\/\/mspontocom.com.br\/site\/wp-json\/wp\/v2\/posts\/166349\/revisions\/166358"}],"wp:featuredmedia":[{"embeddable":true,"href":"https:\/\/mspontocom.com.br\/site\/wp-json\/wp\/v2\/media\/166357"}],"wp:attachment":[{"href":"https:\/\/mspontocom.com.br\/site\/wp-json\/wp\/v2\/media?parent=166349"}],"wp:term":[{"taxonomy":"category","embeddable":true,"href":"https:\/\/mspontocom.com.br\/site\/wp-json\/wp\/v2\/categories?post=166349"},{"taxonomy":"post_tag","embeddable":true,"href":"https:\/\/mspontocom.com.br\/site\/wp-json\/wp\/v2\/tags?post=166349"}],"curies":[{"name":"wp","href":"https:\/\/api.w.org\/{rel}","templated":true}]}}