{"id":166798,"date":"2022-01-09T05:13:34","date_gmt":"2022-01-09T09:13:34","guid":{"rendered":"https:\/\/mspontocom.com.br\/site\/?p=166798"},"modified":"2022-01-09T06:59:30","modified_gmt":"2022-01-09T10:59:30","slug":"manifestantes-protestam-contra-pressao-de-macron-sobre-nao-vacinados","status":"publish","type":"post","link":"https:\/\/mspontocom.com.br\/site\/manifestantes-protestam-contra-pressao-de-macron-sobre-nao-vacinados\/","title":{"rendered":"Manifestantes protestam contra press\u00e3o de Macron sobre n\u00e3o vacinados"},"content":{"rendered":"<p style=\"text-align: justify;\"><img loading=\"lazy\" class=\"alignnone size-full wp-image-166805\" src=\"https:\/\/mspontocom.com.br\/site\/wp-content\/uploads\/2022\/01\/site-manifestantes-protestam-contra-pressao-de-macron-sobre-nao-vacinados-anti-e1641725874888.jpg\" alt=\"\" width=\"627\" height=\"393\" srcset=\"https:\/\/mspontocom.com.br\/site\/wp-content\/uploads\/2022\/01\/site-manifestantes-protestam-contra-pressao-de-macron-sobre-nao-vacinados-anti-e1641725874888.jpg 627w, https:\/\/mspontocom.com.br\/site\/wp-content\/uploads\/2022\/01\/site-manifestantes-protestam-contra-pressao-de-macron-sobre-nao-vacinados-anti-e1641725874888-260x163.jpg 260w\" sizes=\"(max-width: 627px) 100vw, 627px\" \/><\/p>\n<p style=\"text-align: justify;\">Milhares de pessoas sa\u00edram \u00e0s ruas da <strong>Fran\u00e7a\u00a0<\/strong>neste s\u00e1bado, 8, para protestar contra as medidas do presidente\u00a0<a href=\"https:\/\/jovempan.com.br\/tag\/emmanuel-macron\"><strong>Emmanuel Macron<\/strong><\/a>\u00a0para pressionar os n\u00e3o vacinados contra a Covid-19.<\/p>\n<p style=\"text-align: justify;\">O Minist\u00e9rio do Interior estima que 105,2 mil pessoas participaram dos atos.<\/p>\n<p style=\"text-align: justify;\">As manifesta\u00e7\u00f5es foram convocadas em dezenas de cidades do pa\u00eds e tiveram alguns tumultos.<\/p>\n<p style=\"text-align: justify;\">Em <strong>Paris<\/strong> e em <strong>Montpellier<\/strong>, a pol\u00edcia usou g\u00e1s lacrimog\u00eaneo para restabelecer a ordem.<\/p>\n<p style=\"text-align: justify;\">Pelo menos 34 pessoas foram presas e doze policiais ficaram levemente feridos.<\/p>\n<p style=\"text-align: justify;\">\u00a0Na \u00faltima ter\u00e7a-feira, em entrevista ao jornal \u201cLe Parisien\u201d, <strong>Macron<\/strong> afirmou que pretende \u201cirritar\u201d quem n\u00e3o quis se vacinar contra a Covid-19 e os chamou de irrespons\u00e1veis.<\/p>\n<p style=\"text-align: justify;\">Manifesta\u00e7\u00f5es contra a vacina\u00e7\u00e3o t\u00eam ocorrido todos os s\u00e1bados na Fran\u00e7a desde que o governo anunciou a imposi\u00e7\u00e3o do <strong>passaporte da vacina.<\/strong><\/p>\n","protected":false},"excerpt":{"rendered":"<p>Milhares de pessoas sa\u00edram \u00e0s ruas da Fran\u00e7a\u00a0neste s\u00e1bado, 8, para protestar contra as medidas do presidente\u00a0Emmanuel Macron\u00a0para pressionar os n\u00e3o vacinados contra a Covid-19. O Minist\u00e9rio do Interior estima que 105,2 mil pessoas participaram dos atos. As manifesta\u00e7\u00f5es foram convocadas em dezenas de cidades do pa\u00eds e tiveram alguns tumultos. Em Paris e em [&hellip;]<\/p>\n","protected":false},"author":2,"featured_media":166805,"comment_status":"open","ping_status":"open","sticky":false,"template":"","format":"standard","meta":{"_monsterinsights_skip_tracking":false,"_monsterinsights_sitenote_active":false,"_monsterinsights_sitenote_note":"","_monsterinsights_sitenote_category":0},"categories":[30260,7,30259],"tags":[],"aioseo_notices":[],"_links":{"self":[{"href":"https:\/\/mspontocom.com.br\/site\/wp-json\/wp\/v2\/posts\/166798"}],"collection":[{"href":"https:\/\/mspontocom.com.br\/site\/wp-json\/wp\/v2\/posts"}],"about":[{"href":"https:\/\/mspontocom.com.br\/site\/wp-json\/wp\/v2\/types\/post"}],"author":[{"embeddable":true,"href":"https:\/\/mspontocom.com.br\/site\/wp-json\/wp\/v2\/users\/2"}],"replies":[{"embeddable":true,"href":"https:\/\/mspontocom.com.br\/site\/wp-json\/wp\/v2\/comments?post=166798"}],"version-history":[{"count":2,"href":"https:\/\/mspontocom.com.br\/site\/wp-json\/wp\/v2\/posts\/166798\/revisions"}],"predecessor-version":[{"id":166806,"href":"https:\/\/mspontocom.com.br\/site\/wp-json\/wp\/v2\/posts\/166798\/revisions\/166806"}],"wp:featuredmedia":[{"embeddable":true,"href":"https:\/\/mspontocom.com.br\/site\/wp-json\/wp\/v2\/media\/166805"}],"wp:attachment":[{"href":"https:\/\/mspontocom.com.br\/site\/wp-json\/wp\/v2\/media?parent=166798"}],"wp:term":[{"taxonomy":"category","embeddable":true,"href":"https:\/\/mspontocom.com.br\/site\/wp-json\/wp\/v2\/categories?post=166798"},{"taxonomy":"post_tag","embeddable":true,"href":"https:\/\/mspontocom.com.br\/site\/wp-json\/wp\/v2\/tags?post=166798"}],"curies":[{"name":"wp","href":"https:\/\/api.w.org\/{rel}","templated":true}]}}