{"id":166937,"date":"2022-01-14T05:56:00","date_gmt":"2022-01-14T09:56:00","guid":{"rendered":"https:\/\/mspontocom.com.br\/site\/?p=166937"},"modified":"2022-01-14T05:56:00","modified_gmt":"2022-01-14T09:56:00","slug":"supremo-dos-eua-barra-obrigatoriedade-da-vacina-exigida-por-biden","status":"publish","type":"post","link":"https:\/\/mspontocom.com.br\/site\/supremo-dos-eua-barra-obrigatoriedade-da-vacina-exigida-por-biden\/","title":{"rendered":"Supremo dos EUA barra obrigatoriedade da vacina exigida por Biden"},"content":{"rendered":"<p style=\"text-align: justify;\"><img loading=\"lazy\" class=\"alignnone size-full wp-image-166938\" src=\"https:\/\/mspontocom.com.br\/site\/wp-content\/uploads\/2022\/01\/site-supremo-dos-eua-barra-obrigatoriedade-da-vacina-exigida-por-biden-biden.jpg\" alt=\"\" width=\"984\" height=\"656\" srcset=\"https:\/\/mspontocom.com.br\/site\/wp-content\/uploads\/2022\/01\/site-supremo-dos-eua-barra-obrigatoriedade-da-vacina-exigida-por-biden-biden.jpg 984w, https:\/\/mspontocom.com.br\/site\/wp-content\/uploads\/2022\/01\/site-supremo-dos-eua-barra-obrigatoriedade-da-vacina-exigida-por-biden-biden-260x173.jpg 260w, https:\/\/mspontocom.com.br\/site\/wp-content\/uploads\/2022\/01\/site-supremo-dos-eua-barra-obrigatoriedade-da-vacina-exigida-por-biden-biden-768x512.jpg 768w\" sizes=\"(max-width: 984px) 100vw, 984px\" \/>A Suprema Corte dos Estados Unidos barrou, nesta quinta-feira (13), o decreto do presidente norte-americano<strong> Joe Biden<\/strong> que tentava obrigar empresas com mais de 100 funcion\u00e1rios a exigir que eles se vacinassem contra a<strong> Covid-19<\/strong> para manterem seus empregos.<\/p>\n<p style=\"text-align: justify;\">O p\u00fablico estimado nessa categoria \u00e9 de cerca de 84 milh\u00f5es de pessoas.<\/p>\n<p style=\"text-align: justify;\">Quem n\u00e3o se vacinasse, seria demitido, e para o mais alto \u00f3rg\u00e3o do Judici\u00e1rio americano, isso \u00e9 inconstitucional.<\/p>\n<p style=\"text-align: justify;\">A decis\u00e3o foi contr\u00e1ria ao presidente democrata por ampla maioria; 6 a 3.<\/p>\n<p style=\"text-align: justify;\">Segundo a Suprema Corte, \u201cEmbora a Covid-19 seja um risco que ocorre em muitos locais de trabalho, n\u00e3o \u00e9 um risco ocupacional na sua maioria&#8221;.<\/p>\n<p>&nbsp;<\/p>\n<p>fonte: Di\u00e1rio do Poder<\/p>\n","protected":false},"excerpt":{"rendered":"<p>A Suprema Corte dos Estados Unidos barrou, nesta quinta-feira (13), o decreto do presidente norte-americano Joe Biden que tentava obrigar empresas com mais de 100 funcion\u00e1rios a exigir que eles se vacinassem contra a Covid-19 para manterem seus empregos. O p\u00fablico estimado nessa categoria \u00e9 de cerca de 84 milh\u00f5es de pessoas. Quem n\u00e3o se [&hellip;]<\/p>\n","protected":false},"author":2,"featured_media":166938,"comment_status":"open","ping_status":"open","sticky":false,"template":"","format":"standard","meta":{"_monsterinsights_skip_tracking":false,"_monsterinsights_sitenote_active":false,"_monsterinsights_sitenote_note":"","_monsterinsights_sitenote_category":0},"categories":[7],"tags":[],"aioseo_notices":[],"_links":{"self":[{"href":"https:\/\/mspontocom.com.br\/site\/wp-json\/wp\/v2\/posts\/166937"}],"collection":[{"href":"https:\/\/mspontocom.com.br\/site\/wp-json\/wp\/v2\/posts"}],"about":[{"href":"https:\/\/mspontocom.com.br\/site\/wp-json\/wp\/v2\/types\/post"}],"author":[{"embeddable":true,"href":"https:\/\/mspontocom.com.br\/site\/wp-json\/wp\/v2\/users\/2"}],"replies":[{"embeddable":true,"href":"https:\/\/mspontocom.com.br\/site\/wp-json\/wp\/v2\/comments?post=166937"}],"version-history":[{"count":1,"href":"https:\/\/mspontocom.com.br\/site\/wp-json\/wp\/v2\/posts\/166937\/revisions"}],"predecessor-version":[{"id":166939,"href":"https:\/\/mspontocom.com.br\/site\/wp-json\/wp\/v2\/posts\/166937\/revisions\/166939"}],"wp:featuredmedia":[{"embeddable":true,"href":"https:\/\/mspontocom.com.br\/site\/wp-json\/wp\/v2\/media\/166938"}],"wp:attachment":[{"href":"https:\/\/mspontocom.com.br\/site\/wp-json\/wp\/v2\/media?parent=166937"}],"wp:term":[{"taxonomy":"category","embeddable":true,"href":"https:\/\/mspontocom.com.br\/site\/wp-json\/wp\/v2\/categories?post=166937"},{"taxonomy":"post_tag","embeddable":true,"href":"https:\/\/mspontocom.com.br\/site\/wp-json\/wp\/v2\/tags?post=166937"}],"curies":[{"name":"wp","href":"https:\/\/api.w.org\/{rel}","templated":true}]}}