{"id":167012,"date":"2022-01-17T06:24:50","date_gmt":"2022-01-17T10:24:50","guid":{"rendered":"https:\/\/mspontocom.com.br\/site\/?p=167012"},"modified":"2022-01-17T06:24:50","modified_gmt":"2022-01-17T10:24:50","slug":"bolsonaro-critica-globo-sobre-noticias-imprecisas-da-economia","status":"publish","type":"post","link":"https:\/\/mspontocom.com.br\/site\/bolsonaro-critica-globo-sobre-noticias-imprecisas-da-economia\/","title":{"rendered":"Bolsonaro critica Globo sobre not\u00edcias imprecisas da Economia"},"content":{"rendered":"<p style=\"text-align: justify;\"><img loading=\"lazy\" class=\"alignnone size-full wp-image-167021\" src=\"https:\/\/mspontocom.com.br\/site\/wp-content\/uploads\/2022\/01\/site-bolsonaro-critica-globo-sobre-informacoes-parciais-da-economia-globo-e1642414984430.jpg\" alt=\"\" width=\"717\" height=\"367\" srcset=\"https:\/\/mspontocom.com.br\/site\/wp-content\/uploads\/2022\/01\/site-bolsonaro-critica-globo-sobre-informacoes-parciais-da-economia-globo-e1642414984430.jpg 717w, https:\/\/mspontocom.com.br\/site\/wp-content\/uploads\/2022\/01\/site-bolsonaro-critica-globo-sobre-informacoes-parciais-da-economia-globo-e1642414984430-260x133.jpg 260w\" sizes=\"(max-width: 717px) 100vw, 717px\" \/><\/p>\n<p style=\"text-align: justify;\">O presidente<strong> Jair Bolsonaro<\/strong> voltou a acusar a <strong>Rede Globo<\/strong> de atribuir a infla\u00e7\u00e3o dos Estados Unidos \u00e0 pandemia \u2013mas a do Brasil, a ele.<\/p>\n<p style=\"text-align: justify;\">Em uma s\u00e9rie de mensagens publicadas em uma rede social, Bolsonaro afirmou que o governo federal adotou medidas para combater os impactos da covid-19 na economia.<\/p>\n<p style=\"text-align: justify;\"><strong>\u201cA Globo atribui a infla\u00e7\u00e3o nos Estados Unidos \u00e0 pandemia (s\u00f3 na gasolina: 49%). J\u00e1 no Brasil ela culpa diariamente o Presidente\u201d,<\/strong> escreveu.<\/p>\n<p style=\"text-align: justify;\">Bolsonaro atribui as cr\u00edtica da Globo \u00e1 sua pol\u00edtica de distribui\u00e7\u00e3o da verba publicit\u00e1ria nas redes de TV.<\/p>\n<p style=\"text-align: justify;\"><strong>\u201cAcabou a mamata\u201d<\/strong>, ironizou Jair Bolsonaro, repetidas vezes, ao falar da verba publicit\u00e1ria governamental direcionada \u00e0 TV Globo.<\/p>\n<p style=\"text-align: justify;\">O presidente cumpriu a promessa de campanha de reduzir radicalmente a fatia para o canal carioca.<\/p>\n<p style=\"text-align: justify;\">A Globo teve a participa\u00e7\u00e3o reduzida de 39% para 16%, queda de quase 60%.<\/p>\n<p>&nbsp;<\/p>\n<p>fonte: Poder 360<\/p>\n","protected":false},"excerpt":{"rendered":"<p>O presidente Jair Bolsonaro voltou a acusar a Rede Globo de atribuir a infla\u00e7\u00e3o dos Estados Unidos \u00e0 pandemia \u2013mas a do Brasil, a ele. Em uma s\u00e9rie de mensagens publicadas em uma rede social, Bolsonaro afirmou que o governo federal adotou medidas para combater os impactos da covid-19 na economia. \u201cA Globo atribui a [&hellip;]<\/p>\n","protected":false},"author":2,"featured_media":167021,"comment_status":"open","ping_status":"open","sticky":false,"template":"","format":"standard","meta":{"_monsterinsights_skip_tracking":false,"_monsterinsights_sitenote_active":false,"_monsterinsights_sitenote_note":"","_monsterinsights_sitenote_category":0},"categories":[6,30260,15,30259],"tags":[],"aioseo_notices":[],"_links":{"self":[{"href":"https:\/\/mspontocom.com.br\/site\/wp-json\/wp\/v2\/posts\/167012"}],"collection":[{"href":"https:\/\/mspontocom.com.br\/site\/wp-json\/wp\/v2\/posts"}],"about":[{"href":"https:\/\/mspontocom.com.br\/site\/wp-json\/wp\/v2\/types\/post"}],"author":[{"embeddable":true,"href":"https:\/\/mspontocom.com.br\/site\/wp-json\/wp\/v2\/users\/2"}],"replies":[{"embeddable":true,"href":"https:\/\/mspontocom.com.br\/site\/wp-json\/wp\/v2\/comments?post=167012"}],"version-history":[{"count":2,"href":"https:\/\/mspontocom.com.br\/site\/wp-json\/wp\/v2\/posts\/167012\/revisions"}],"predecessor-version":[{"id":167022,"href":"https:\/\/mspontocom.com.br\/site\/wp-json\/wp\/v2\/posts\/167012\/revisions\/167022"}],"wp:featuredmedia":[{"embeddable":true,"href":"https:\/\/mspontocom.com.br\/site\/wp-json\/wp\/v2\/media\/167021"}],"wp:attachment":[{"href":"https:\/\/mspontocom.com.br\/site\/wp-json\/wp\/v2\/media?parent=167012"}],"wp:term":[{"taxonomy":"category","embeddable":true,"href":"https:\/\/mspontocom.com.br\/site\/wp-json\/wp\/v2\/categories?post=167012"},{"taxonomy":"post_tag","embeddable":true,"href":"https:\/\/mspontocom.com.br\/site\/wp-json\/wp\/v2\/tags?post=167012"}],"curies":[{"name":"wp","href":"https:\/\/api.w.org\/{rel}","templated":true}]}}