{"id":167089,"date":"2022-01-19T06:02:47","date_gmt":"2022-01-19T10:02:47","guid":{"rendered":"https:\/\/mspontocom.com.br\/site\/?p=167089"},"modified":"2022-01-19T06:02:47","modified_gmt":"2022-01-19T10:02:47","slug":"campanha-de-bolsonaro-vai-explorar-desastre-economico-do-pt-para-detonar-lula","status":"publish","type":"post","link":"https:\/\/mspontocom.com.br\/site\/campanha-de-bolsonaro-vai-explorar-desastre-economico-do-pt-para-detonar-lula\/","title":{"rendered":"Campanha de Bolsonaro vai explorar \u2018desastre econ\u00f4mico\u2019 do PT para detonar Lula"},"content":{"rendered":"<p style=\"text-align: justify;\"><img loading=\"lazy\" class=\"alignnone size-full wp-image-167091\" src=\"https:\/\/mspontocom.com.br\/site\/wp-content\/uploads\/2022\/01\/site-campanha-de-bolsonaro-quer-explorar-desastre-economico-do-pt-para-detonar-lula-bolsolula-e1642586501129.jpg\" alt=\"\" width=\"661\" height=\"425\" srcset=\"https:\/\/mspontocom.com.br\/site\/wp-content\/uploads\/2022\/01\/site-campanha-de-bolsonaro-quer-explorar-desastre-economico-do-pt-para-detonar-lula-bolsolula-e1642586501129.jpg 661w, https:\/\/mspontocom.com.br\/site\/wp-content\/uploads\/2022\/01\/site-campanha-de-bolsonaro-quer-explorar-desastre-economico-do-pt-para-detonar-lula-bolsolula-e1642586501129-260x167.jpg 260w\" sizes=\"(max-width: 661px) 100vw, 661px\" \/>Integrantes do n\u00facleo pol\u00edtico do governo<strong> Bolsonaro<\/strong>\u00a0 j\u00e1 definiram a estrat\u00e9gia eleitoral que ser\u00e1 explorada nos pr\u00f3ximos meses: revisitar o que chamam de<strong> \u201cpassado nebuloso\u201d<\/strong> do PT para tentar tirar votos do ex-presidente <b>Lula\u00a0<\/b>que lidera as pesquisas de inten\u00e7\u00e3o de voto.<\/p>\n<p style=\"text-align: justify;\">A ideia \u00e9 associar o <strong>PT<\/strong> \u00e0 crise que ocorreu em 2015, durante a gest\u00e3o da ent\u00e3o presidente <strong>Dilma Rousseff<\/strong>, e pregar que uma nova gest\u00e3o petista seria ainda pior.<\/p>\n<p style=\"text-align: justify;\">Parlamentares e integrantes do governo ouvidos pela\u00a0<strong>Jovem Pan<\/strong>\u00a0reconhecem que Lula se encontra em situa\u00e7\u00e3o confort\u00e1vel nas pesquisas, mas ressaltam que os levantamentos s\u00e3o \u201cfotografias do momento\u201d e acreditam que o petista perder\u00e1 votos quando a campanha, de fato, come\u00e7ar.<\/p>\n<p style=\"text-align: justify;\">O n\u00facleo pol\u00edtico do governo tamb\u00e9m aposta que Bolsonaro pode se beneficiar, novamente, do sentimento<strong> antipetista<\/strong> que alavancou sua postula\u00e7\u00e3o em 2018.<\/p>\n<p style=\"text-align: justify;\">Por isso, a ala pol\u00edtica quer explorar declara\u00e7\u00f5es recentes feitas pela c\u00fapula do PT, como a inten\u00e7\u00e3o a inten\u00e7\u00e3o de revisar a reforma trabalhista e de revogar o teto de gastos.<\/p>\n<p>&nbsp;<\/p>\n","protected":false},"excerpt":{"rendered":"<p>Integrantes do n\u00facleo pol\u00edtico do governo Bolsonaro\u00a0 j\u00e1 definiram a estrat\u00e9gia eleitoral que ser\u00e1 explorada nos pr\u00f3ximos meses: revisitar o que chamam de \u201cpassado nebuloso\u201d do PT para tentar tirar votos do ex-presidente Lula\u00a0que lidera as pesquisas de inten\u00e7\u00e3o de voto. A ideia \u00e9 associar o PT \u00e0 crise que ocorreu em 2015, durante a [&hellip;]<\/p>\n","protected":false},"author":2,"featured_media":167091,"comment_status":"open","ping_status":"open","sticky":false,"template":"","format":"standard","meta":{"_monsterinsights_skip_tracking":false,"_monsterinsights_sitenote_active":false,"_monsterinsights_sitenote_note":"","_monsterinsights_sitenote_category":0},"categories":[30260,15,30259,12],"tags":[],"aioseo_notices":[],"_links":{"self":[{"href":"https:\/\/mspontocom.com.br\/site\/wp-json\/wp\/v2\/posts\/167089"}],"collection":[{"href":"https:\/\/mspontocom.com.br\/site\/wp-json\/wp\/v2\/posts"}],"about":[{"href":"https:\/\/mspontocom.com.br\/site\/wp-json\/wp\/v2\/types\/post"}],"author":[{"embeddable":true,"href":"https:\/\/mspontocom.com.br\/site\/wp-json\/wp\/v2\/users\/2"}],"replies":[{"embeddable":true,"href":"https:\/\/mspontocom.com.br\/site\/wp-json\/wp\/v2\/comments?post=167089"}],"version-history":[{"count":2,"href":"https:\/\/mspontocom.com.br\/site\/wp-json\/wp\/v2\/posts\/167089\/revisions"}],"predecessor-version":[{"id":167092,"href":"https:\/\/mspontocom.com.br\/site\/wp-json\/wp\/v2\/posts\/167089\/revisions\/167092"}],"wp:featuredmedia":[{"embeddable":true,"href":"https:\/\/mspontocom.com.br\/site\/wp-json\/wp\/v2\/media\/167091"}],"wp:attachment":[{"href":"https:\/\/mspontocom.com.br\/site\/wp-json\/wp\/v2\/media?parent=167089"}],"wp:term":[{"taxonomy":"category","embeddable":true,"href":"https:\/\/mspontocom.com.br\/site\/wp-json\/wp\/v2\/categories?post=167089"},{"taxonomy":"post_tag","embeddable":true,"href":"https:\/\/mspontocom.com.br\/site\/wp-json\/wp\/v2\/tags?post=167089"}],"curies":[{"name":"wp","href":"https:\/\/api.w.org\/{rel}","templated":true}]}}