{"id":167157,"date":"2022-01-21T07:00:01","date_gmt":"2022-01-21T11:00:01","guid":{"rendered":"https:\/\/mspontocom.com.br\/site\/?p=167157"},"modified":"2022-01-21T07:00:01","modified_gmt":"2022-01-21T11:00:01","slug":"ze-dirceu-queremos-ganhar-as-eleicoes-e-criar-um-projeto-socialista","status":"publish","type":"post","link":"https:\/\/mspontocom.com.br\/site\/ze-dirceu-queremos-ganhar-as-eleicoes-e-criar-um-projeto-socialista\/","title":{"rendered":"Z\u00e9 Dirceu: &#8220;Queremos ganhar as elei\u00e7\u00f5es e criar um projeto socialista&#8221;"},"content":{"rendered":"<p style=\"text-align: justify;\"><img loading=\"lazy\" class=\"alignnone size-large wp-image-167168\" src=\"https:\/\/mspontocom.com.br\/site\/wp-content\/uploads\/2022\/01\/site-ze-dirceu-queremos-ganhar-as-eleicoes-e-criar-um-projeto-socialista-ze-e1642762744436-1024x560.jpg\" alt=\"\" width=\"1024\" height=\"560\" srcset=\"https:\/\/mspontocom.com.br\/site\/wp-content\/uploads\/2022\/01\/site-ze-dirceu-queremos-ganhar-as-eleicoes-e-criar-um-projeto-socialista-ze-e1642762744436-1024x560.jpg 1024w, https:\/\/mspontocom.com.br\/site\/wp-content\/uploads\/2022\/01\/site-ze-dirceu-queremos-ganhar-as-eleicoes-e-criar-um-projeto-socialista-ze-e1642762744436-260x142.jpg 260w, https:\/\/mspontocom.com.br\/site\/wp-content\/uploads\/2022\/01\/site-ze-dirceu-queremos-ganhar-as-eleicoes-e-criar-um-projeto-socialista-ze-e1642762744436-768x420.jpg 768w, https:\/\/mspontocom.com.br\/site\/wp-content\/uploads\/2022\/01\/site-ze-dirceu-queremos-ganhar-as-eleicoes-e-criar-um-projeto-socialista-ze-e1642762744436.jpg 1066w\" sizes=\"(max-width: 1024px) 100vw, 1024px\" \/>Voltou a circular nas redes sociais uma entrevista do site\u00a0<em>Opera Mundi<\/em>\u00a0com o ex-ministro <strong>Z\u00e9 Dirceu,<\/strong> realizada em dezembro de 2021.<\/p>\n<p style=\"text-align: justify;\">O petista afirma que o retorno de seu partido ao poder vai facilitar a cria\u00e7\u00e3o de bases para um <strong>\u201cprojeto socialista\u201d<\/strong> de governo.<\/p>\n<p style=\"text-align: justify;\">\u201cNosso projeto pol\u00edtico \u00e9 disputar elei\u00e7\u00f5es, ganhar, defender os interesses da classe trabalhadora, os interesses nacionais e, evidentemente, criar as bases para o nosso projeto socialista\u201d, disse Z\u00e9 Dirceu,<\/p>\n<p style=\"text-align: justify;\">\u201cVoltamos a ter governos progressistas, esse \u00e9 o per\u00edodo que n\u00f3s estamos vivendo\u201d, observou o ex-ministro, em alus\u00e3o \u00e0 Argentina, ao Peru e \u00e0 Bol\u00edvia.<\/p>\n<p>&nbsp;<\/p>\n<blockquote class=\"twitter-tweet\" data-width=\"500\" data-dnt=\"true\">\n<p lang=\"pt\" dir=\"ltr\">Preste aten\u00e7\u00e3o nesse v\u00eddeo. O ex-presidi\u00e1rio petista Jos\u00e9 Dirceu deixa muito claro que a inten\u00e7\u00e3o do PT \u00e9 vencer as elei\u00e7\u00f5es para promover uma mudan\u00e7a de regime no pa\u00eds, para o que eles chamam de &quot;projeto socialista&quot;. <a href=\"https:\/\/t.co\/CJpEs3zktK\">pic.twitter.com\/CJpEs3zktK<\/a><\/p>\n<p>&mdash; Marcel van Hattem (@marcelvanhattem) <a href=\"https:\/\/twitter.com\/marcelvanhattem\/status\/1483823023832588291?ref_src=twsrc%5Etfw\">January 19, 2022<\/a><\/p><\/blockquote>\n<p><script async src=\"https:\/\/platform.twitter.com\/widgets.js\" charset=\"utf-8\"><\/script><\/p>\n","protected":false},"excerpt":{"rendered":"<p>Voltou a circular nas redes sociais uma entrevista do site\u00a0Opera Mundi\u00a0com o ex-ministro Z\u00e9 Dirceu, realizada em dezembro de 2021. O petista afirma que o retorno de seu partido ao poder vai facilitar a cria\u00e7\u00e3o de bases para um \u201cprojeto socialista\u201d de governo. \u201cNosso projeto pol\u00edtico \u00e9 disputar elei\u00e7\u00f5es, ganhar, defender os interesses da classe [&hellip;]<\/p>\n","protected":false},"author":2,"featured_media":167168,"comment_status":"open","ping_status":"open","sticky":false,"template":"","format":"standard","meta":{"_monsterinsights_skip_tracking":false,"_monsterinsights_sitenote_active":false,"_monsterinsights_sitenote_note":"","_monsterinsights_sitenote_category":0},"categories":[30260,30259,12],"tags":[],"aioseo_notices":[],"_links":{"self":[{"href":"https:\/\/mspontocom.com.br\/site\/wp-json\/wp\/v2\/posts\/167157"}],"collection":[{"href":"https:\/\/mspontocom.com.br\/site\/wp-json\/wp\/v2\/posts"}],"about":[{"href":"https:\/\/mspontocom.com.br\/site\/wp-json\/wp\/v2\/types\/post"}],"author":[{"embeddable":true,"href":"https:\/\/mspontocom.com.br\/site\/wp-json\/wp\/v2\/users\/2"}],"replies":[{"embeddable":true,"href":"https:\/\/mspontocom.com.br\/site\/wp-json\/wp\/v2\/comments?post=167157"}],"version-history":[{"count":2,"href":"https:\/\/mspontocom.com.br\/site\/wp-json\/wp\/v2\/posts\/167157\/revisions"}],"predecessor-version":[{"id":167169,"href":"https:\/\/mspontocom.com.br\/site\/wp-json\/wp\/v2\/posts\/167157\/revisions\/167169"}],"wp:featuredmedia":[{"embeddable":true,"href":"https:\/\/mspontocom.com.br\/site\/wp-json\/wp\/v2\/media\/167168"}],"wp:attachment":[{"href":"https:\/\/mspontocom.com.br\/site\/wp-json\/wp\/v2\/media?parent=167157"}],"wp:term":[{"taxonomy":"category","embeddable":true,"href":"https:\/\/mspontocom.com.br\/site\/wp-json\/wp\/v2\/categories?post=167157"},{"taxonomy":"post_tag","embeddable":true,"href":"https:\/\/mspontocom.com.br\/site\/wp-json\/wp\/v2\/tags?post=167157"}],"curies":[{"name":"wp","href":"https:\/\/api.w.org\/{rel}","templated":true}]}}