{"id":167188,"date":"2022-01-22T06:36:38","date_gmt":"2022-01-22T10:36:38","guid":{"rendered":"https:\/\/mspontocom.com.br\/site\/?p=167188"},"modified":"2022-01-22T06:36:38","modified_gmt":"2022-01-22T10:36:38","slug":"lula-vai-propor-taxacao-sobre-os-mais-ricos-diz-site","status":"publish","type":"post","link":"https:\/\/mspontocom.com.br\/site\/lula-vai-propor-taxacao-sobre-os-mais-ricos-diz-site\/","title":{"rendered":"Lula vai propor taxa\u00e7\u00e3o sobre os mais ricos, diz site"},"content":{"rendered":"<p style=\"text-align: justify;\"><img loading=\"lazy\" class=\"alignnone size-full wp-image-167189\" src=\"https:\/\/mspontocom.com.br\/site\/wp-content\/uploads\/2022\/01\/site-lula-vai-propor-taxacao-sobre-os-mais-ricos-diz-site-lula-01-e1642847751794.jpg\" alt=\"\" width=\"971\" height=\"548\" srcset=\"https:\/\/mspontocom.com.br\/site\/wp-content\/uploads\/2022\/01\/site-lula-vai-propor-taxacao-sobre-os-mais-ricos-diz-site-lula-01-e1642847751794.jpg 971w, https:\/\/mspontocom.com.br\/site\/wp-content\/uploads\/2022\/01\/site-lula-vai-propor-taxacao-sobre-os-mais-ricos-diz-site-lula-01-e1642847751794-260x147.jpg 260w, https:\/\/mspontocom.com.br\/site\/wp-content\/uploads\/2022\/01\/site-lula-vai-propor-taxacao-sobre-os-mais-ricos-diz-site-lula-01-e1642847751794-768x433.jpg 768w\" sizes=\"(max-width: 971px) 100vw, 971px\" \/>O programa de governo que <strong>Lula<\/strong> (PT) vai apresentar nesta elei\u00e7\u00e3o ter\u00e1 propostas para taxar os mais ricos e tributar lucros e dividendos.<\/p>\n<p style=\"text-align: justify;\">A informa\u00e7\u00e3o \u00e9 do portal\u00a0<strong><em>Metr\u00f3poles<\/em>.<\/strong><\/p>\n<p style=\"text-align: justify;\">O projeto, que teve o apoio de sete governadores do Nordeste, foi concebido na escola de economia da Unicamp e ganhou o apelido de \u201creforma solid\u00e1ria\u201d.<\/p>\n<p style=\"text-align: justify;\">Segundo a reportagem, os economistas que aconselham Lula afirmam que a pr\u00f3xima administra\u00e7\u00e3o federal ter\u00e1 de <strong>aumentar gastos sociais,<\/strong> e que isso s\u00f3 ser\u00e1 poss\u00edvel com uma reforma tribut\u00e1ria progressiva e que amplie a taxa\u00e7\u00e3o sobre os mais ricos.<\/p>\n<p style=\"text-align: justify;\">Tamb\u00e9m foram apresentadas ideias para instituir um <strong>imposto sobre grandes fortunas<\/strong> e para taxar grandes heran\u00e7as, seguindo o modelo em vig\u00eancia nos Estados Unidos.<\/p>\n","protected":false},"excerpt":{"rendered":"<p>O programa de governo que Lula (PT) vai apresentar nesta elei\u00e7\u00e3o ter\u00e1 propostas para taxar os mais ricos e tributar lucros e dividendos. A informa\u00e7\u00e3o \u00e9 do portal\u00a0Metr\u00f3poles. O projeto, que teve o apoio de sete governadores do Nordeste, foi concebido na escola de economia da Unicamp e ganhou o apelido de \u201creforma solid\u00e1ria\u201d. Segundo [&hellip;]<\/p>\n","protected":false},"author":2,"featured_media":167189,"comment_status":"open","ping_status":"open","sticky":false,"template":"","format":"standard","meta":{"_monsterinsights_skip_tracking":false,"_monsterinsights_sitenote_active":false,"_monsterinsights_sitenote_note":"","_monsterinsights_sitenote_category":0},"categories":[30260,15,30259],"tags":[],"aioseo_notices":[],"_links":{"self":[{"href":"https:\/\/mspontocom.com.br\/site\/wp-json\/wp\/v2\/posts\/167188"}],"collection":[{"href":"https:\/\/mspontocom.com.br\/site\/wp-json\/wp\/v2\/posts"}],"about":[{"href":"https:\/\/mspontocom.com.br\/site\/wp-json\/wp\/v2\/types\/post"}],"author":[{"embeddable":true,"href":"https:\/\/mspontocom.com.br\/site\/wp-json\/wp\/v2\/users\/2"}],"replies":[{"embeddable":true,"href":"https:\/\/mspontocom.com.br\/site\/wp-json\/wp\/v2\/comments?post=167188"}],"version-history":[{"count":1,"href":"https:\/\/mspontocom.com.br\/site\/wp-json\/wp\/v2\/posts\/167188\/revisions"}],"predecessor-version":[{"id":167190,"href":"https:\/\/mspontocom.com.br\/site\/wp-json\/wp\/v2\/posts\/167188\/revisions\/167190"}],"wp:featuredmedia":[{"embeddable":true,"href":"https:\/\/mspontocom.com.br\/site\/wp-json\/wp\/v2\/media\/167189"}],"wp:attachment":[{"href":"https:\/\/mspontocom.com.br\/site\/wp-json\/wp\/v2\/media?parent=167188"}],"wp:term":[{"taxonomy":"category","embeddable":true,"href":"https:\/\/mspontocom.com.br\/site\/wp-json\/wp\/v2\/categories?post=167188"},{"taxonomy":"post_tag","embeddable":true,"href":"https:\/\/mspontocom.com.br\/site\/wp-json\/wp\/v2\/tags?post=167188"}],"curies":[{"name":"wp","href":"https:\/\/api.w.org\/{rel}","templated":true}]}}