{"id":167207,"date":"2022-01-23T06:09:45","date_gmt":"2022-01-23T10:09:45","guid":{"rendered":"https:\/\/mspontocom.com.br\/site\/?p=167207"},"modified":"2022-01-23T06:09:45","modified_gmt":"2022-01-23T10:09:45","slug":"editorial-do-estadao-o-mal-que-lula-faz-a-democracia","status":"publish","type":"post","link":"https:\/\/mspontocom.com.br\/site\/editorial-do-estadao-o-mal-que-lula-faz-a-democracia\/","title":{"rendered":"EDITORIAL DO ESTAD\u00c3O:  O mal que Lula faz \u00e0 democracia"},"content":{"rendered":"<p style=\"text-align: justify;\"><img loading=\"lazy\" class=\"alignnone size-full wp-image-167208\" src=\"https:\/\/mspontocom.com.br\/site\/wp-content\/uploads\/2022\/01\/site-editorial-do-estadao-o-mal-que-lula-faz-a-democracia-estado-e1642932408849.png\" alt=\"\" width=\"742\" height=\"403\" srcset=\"https:\/\/mspontocom.com.br\/site\/wp-content\/uploads\/2022\/01\/site-editorial-do-estadao-o-mal-que-lula-faz-a-democracia-estado-e1642932408849.png 742w, https:\/\/mspontocom.com.br\/site\/wp-content\/uploads\/2022\/01\/site-editorial-do-estadao-o-mal-que-lula-faz-a-democracia-estado-e1642932408849-260x141.png 260w\" sizes=\"(max-width: 742px) 100vw, 742px\" \/>Considerando tudo o que o PT fez e deixou de fazer ao longo de seus 40 anos de exist\u00eancia \u2013 muito especialmente, no per\u00edodo em que Luiz In\u00e1cio Lula da Silva e Dilma Rousseff estiveram no Pal\u00e1cio do Planalto \u2013, uma nova candidatura petista \u00e0 Presid\u00eancia da Rep\u00fablica n\u00e3o deveria suscitar entusiasmo na popula\u00e7\u00e3o. A legenda que supostamente seria progressista, \u00e9tica e renovadora da pol\u00edtica percorreu um caminho muito diferente, colecionando casos de corrup\u00e7\u00e3o, aparelhamento do Estado, apropria\u00e7\u00e3o do p\u00fablico para fins privados e pol\u00edticas econ\u00f4micas desastradas.<\/p>\n<p style=\"text-align: justify;\">No entanto, apesar de todo esse passivo, Luiz In\u00e1cio Lula da Silva tem aparecido em primeiro lugar nas sondagens de inten\u00e7\u00e3o de voto para presidente da Rep\u00fablica. \u00c0s vezes, com margem de vantagem suficiente para a vit\u00f3ria em primeiro turno. Sabe-se que as elei\u00e7\u00f5es ainda est\u00e3o distantes no tempo e na cabe\u00e7a do eleitor. As pesquisas de agora n\u00e3o se prestam a prever o que vai ocorrer em outubro nas urnas. H\u00e1 tempo para muitas mudan\u00e7as. De toda forma, as sondagens revelam um dado important\u00edssimo: parte do eleitorado est\u00e1 se esquecendo de quem \u00e9 Lula. Conv\u00e9m, portanto, resgatar essa mem\u00f3ria.<\/p>\n<p style=\"text-align: justify;\">Para come\u00e7ar, o l\u00edder petista n\u00e3o tem nenhuma credencial para se apresentar como o salvador da democracia. Antes de assumir o governo federal, o PT notabilizou-se por uma oposi\u00e7\u00e3o absolutamente irrespons\u00e1vel, numa l\u00f3gica de quanto pior para o Pa\u00eds, melhor para Lula. Sem base jur\u00eddica, apenas para criar instabilidade, o partido apresentou pedidos de impeachment contra Itamar Franco e Fernando Henrique Cardoso. Sabotou sistematicamente os projetos apresentados pelo Executivo. Fechada ao di\u00e1logo, a legenda de Lula tratava tudo o que viesse do governo federal \u2013 rigorosamente tudo: Plano Real, moderniza\u00e7\u00e3o do sistema de telefonia, cria\u00e7\u00e3o das ag\u00eancias reguladoras ou mesmo propostas de melhoria para a educa\u00e7\u00e3o p\u00fablica \u2013 como ocasi\u00e3o para criar desgaste.<\/p>\n<p style=\"text-align: justify;\">Depois de chegar ao Pal\u00e1cio do Planalto, o PT continuou sua tradi\u00e7\u00e3o antidemocr\u00e1tica. Apenas mudou de lado na mesa. S\u00e3o famosos e variados os esc\u00e2ndalos de fisiologismo do partido de Lula. O mensal\u00e3o \u00e9 caso paradigm\u00e1tico de pervers\u00e3o do regime democr\u00e1tico, com uso de dinheiro p\u00fablico para manipular a representa\u00e7\u00e3o pol\u00edtica.<\/p>\n<p style=\"text-align: justify;\">O petrol\u00e3o foi ainda mais perverso, ao colocar toda a estrutura do Estado, incluindo estatais e empresas de capital misto, a servi\u00e7o do interesse eleitoral do partido. N\u00e3o foi apenas um conjunto de a\u00e7\u00f5es para desviar uma enorme quantidade de dinheiro p\u00fablico e privado. Todo o esquema estava orientado a alimentar a m\u00e1quina eleitoral de Lula.<\/p>\n<p style=\"text-align: justify;\">Tamb\u00e9m nas rela\u00e7\u00f5es com os grupos pol\u00edticos divergentes, Lula manteve, uma vez no poder, a mesma trilha antidemocr\u00e1tica. Passou a deslegitimar toda e qualquer oposi\u00e7\u00e3o ao seu governo, criando uma das mais infames campanhas de incivilidade, intoler\u00e2ncia e autoritarismo da hist\u00f3ria nacional: a do \u201cn\u00f3s\u201d (os virtuosos petistas) contra \u201celes\u201d (todos os que n\u00e3o aceitam Lula como seu salvador). O Pa\u00eds segue ainda padecendo diariamente dessa irrespons\u00e1vel divis\u00e3o social, da qual, n\u00e3o por acaso, Lula pretende extrair os votos para voltar \u00e0 Presid\u00eancia.<\/p>\n<p style=\"text-align: justify;\">A atua\u00e7\u00e3o antidemocr\u00e1tica de Lula continuou ap\u00f3s a sa\u00edda do PT do governo federal. Nos \u00faltimos anos, o l\u00edder petista dedicou-se a desmoralizar, perante o mundo, o Estado Democr\u00e1tico de Direito brasileiro. Em vez de uma defesa t\u00e9cnica nas v\u00e1rias a\u00e7\u00f5es penais em que se viu envolvido, Lula promoveu verdadeira campanha difamat\u00f3ria contra o Judici\u00e1rio, sugerindo que, por tr\u00e1s de cada condena\u00e7\u00e3o, mesmo colegiada e amplamente baseada em provas, havia uma conspira\u00e7\u00e3o (internacional!) para prejudic\u00e1-lo. A decis\u00e3o do Supremo sobre a incompet\u00eancia de determinado ju\u00edzo, que libertou Lula, n\u00e3o torna menos grave o comportamento do ex-presidente e do PT. Ao se apresentar como perseguido pol\u00edtico, Lula deixa claro que n\u00e3o acredita nas institui\u00e7\u00f5es democr\u00e1ticas do Pa\u00eds.<\/p>\n<p style=\"text-align: justify;\">Depois do ambiente de amea\u00e7as e de ataques \u00e0 democracia criado pelo bolsonarismo \u2013 a exigir uma resposta respons\u00e1vel dos partidos e dos eleitores \u2013, parece piada de mau gosto com o Pa\u00eds pensar no PT como eventual solu\u00e7\u00e3o. Lula nunca tratou bem a democracia brasileira.<\/p>\n","protected":false},"excerpt":{"rendered":"<p>Considerando tudo o que o PT fez e deixou de fazer ao longo de seus 40 anos de exist\u00eancia \u2013 muito especialmente, no per\u00edodo em que Luiz In\u00e1cio Lula da Silva e Dilma Rousseff estiveram no Pal\u00e1cio do Planalto \u2013, uma nova candidatura petista \u00e0 Presid\u00eancia da Rep\u00fablica n\u00e3o deveria suscitar entusiasmo na popula\u00e7\u00e3o. A [&hellip;]<\/p>\n","protected":false},"author":2,"featured_media":167208,"comment_status":"open","ping_status":"open","sticky":false,"template":"","format":"standard","meta":{"_monsterinsights_skip_tracking":false,"_monsterinsights_sitenote_active":false,"_monsterinsights_sitenote_note":"","_monsterinsights_sitenote_category":0},"categories":[30260,30259,12],"tags":[],"aioseo_notices":[],"_links":{"self":[{"href":"https:\/\/mspontocom.com.br\/site\/wp-json\/wp\/v2\/posts\/167207"}],"collection":[{"href":"https:\/\/mspontocom.com.br\/site\/wp-json\/wp\/v2\/posts"}],"about":[{"href":"https:\/\/mspontocom.com.br\/site\/wp-json\/wp\/v2\/types\/post"}],"author":[{"embeddable":true,"href":"https:\/\/mspontocom.com.br\/site\/wp-json\/wp\/v2\/users\/2"}],"replies":[{"embeddable":true,"href":"https:\/\/mspontocom.com.br\/site\/wp-json\/wp\/v2\/comments?post=167207"}],"version-history":[{"count":1,"href":"https:\/\/mspontocom.com.br\/site\/wp-json\/wp\/v2\/posts\/167207\/revisions"}],"predecessor-version":[{"id":167209,"href":"https:\/\/mspontocom.com.br\/site\/wp-json\/wp\/v2\/posts\/167207\/revisions\/167209"}],"wp:featuredmedia":[{"embeddable":true,"href":"https:\/\/mspontocom.com.br\/site\/wp-json\/wp\/v2\/media\/167208"}],"wp:attachment":[{"href":"https:\/\/mspontocom.com.br\/site\/wp-json\/wp\/v2\/media?parent=167207"}],"wp:term":[{"taxonomy":"category","embeddable":true,"href":"https:\/\/mspontocom.com.br\/site\/wp-json\/wp\/v2\/categories?post=167207"},{"taxonomy":"post_tag","embeddable":true,"href":"https:\/\/mspontocom.com.br\/site\/wp-json\/wp\/v2\/tags?post=167207"}],"curies":[{"name":"wp","href":"https:\/\/api.w.org\/{rel}","templated":true}]}}