{"id":167212,"date":"2022-01-23T07:10:18","date_gmt":"2022-01-23T11:10:18","guid":{"rendered":"https:\/\/mspontocom.com.br\/site\/?p=167212"},"modified":"2022-01-23T06:59:17","modified_gmt":"2022-01-23T10:59:17","slug":"lula-perdera-folego-nas-pesquisas-diz-ciro-nogueira","status":"publish","type":"post","link":"https:\/\/mspontocom.com.br\/site\/lula-perdera-folego-nas-pesquisas-diz-ciro-nogueira\/","title":{"rendered":"Lula perder\u00e1 f\u00f4lego nas pesquisas, diz Ciro Nogueira"},"content":{"rendered":"<p style=\"text-align: justify;\"><img loading=\"lazy\" class=\"alignnone size-large wp-image-167214\" src=\"https:\/\/mspontocom.com.br\/site\/wp-content\/uploads\/2022\/01\/site-lula-perdera-folego-nas-pesquisas-diz-ciro-nogueira-lula-e-bolsonaro-e1642935467308-1024x661.jpg\" alt=\"\" width=\"1024\" height=\"661\" srcset=\"https:\/\/mspontocom.com.br\/site\/wp-content\/uploads\/2022\/01\/site-lula-perdera-folego-nas-pesquisas-diz-ciro-nogueira-lula-e-bolsonaro-e1642935467308-1024x661.jpg 1024w, https:\/\/mspontocom.com.br\/site\/wp-content\/uploads\/2022\/01\/site-lula-perdera-folego-nas-pesquisas-diz-ciro-nogueira-lula-e-bolsonaro-e1642935467308-260x168.jpg 260w, https:\/\/mspontocom.com.br\/site\/wp-content\/uploads\/2022\/01\/site-lula-perdera-folego-nas-pesquisas-diz-ciro-nogueira-lula-e-bolsonaro-e1642935467308-768x496.jpg 768w, https:\/\/mspontocom.com.br\/site\/wp-content\/uploads\/2022\/01\/site-lula-perdera-folego-nas-pesquisas-diz-ciro-nogueira-lula-e-bolsonaro-e1642935467308.jpg 1176w\" sizes=\"(max-width: 1024px) 100vw, 1024px\" \/>O ministro-chefe da Casa Civil, <strong>Ciro Nogueira<\/strong>, disse ao Poder360 acreditar que o ex-presidente <strong>Luiz In\u00e1cio Lula da Silva (PT)<\/strong> perder\u00e1 f\u00f4lego nas pesquisas de inten\u00e7\u00e3o de voto at\u00e9 outubro.<\/p>\n<p style=\"text-align: justify;\">\u201cO PT hoje parece o lobo mau vestido de vovozinha. Daqui a pouco, a popula\u00e7\u00e3o olha e diz: por que boca e olhos t\u00e3o grandes? Vai ver que o PT de hoje \u00e9 o de ontem\u201d.<\/p>\n<p style=\"text-align: justify;\">Em entrevista gravada no gabinete do Pal\u00e1cio do Planalto, o senador licenciado do Progressistas afirmou que o presidente<strong> Jair Bolsonaro (PL)<\/strong> ganhar\u00e1 for\u00e7a a partir da ado\u00e7\u00e3o de estrat\u00e9gias de comunica\u00e7\u00e3o.<\/p>\n<p style=\"text-align: justify;\">\u201cO nosso foco agora \u00e9 a montagem dos palanques estaduais para que o presidente tenha estrutura e possa levar a defesa de tudo que foi feito no governo. Grande parte da popula\u00e7\u00e3o ainda n\u00e3o tem conhecimento do que foi feito. O presidente deixou de gastar em propaganda, como nos governos anteriores, para gastar em obras\u201d,\u00a0disse.<\/p>\n<p style=\"text-align: justify;\">\n<p style=\"text-align: justify;\">fonte: Poder 360<\/p>\n","protected":false},"excerpt":{"rendered":"<p>O ministro-chefe da Casa Civil, Ciro Nogueira, disse ao Poder360 acreditar que o ex-presidente Luiz In\u00e1cio Lula da Silva (PT) perder\u00e1 f\u00f4lego nas pesquisas de inten\u00e7\u00e3o de voto at\u00e9 outubro. \u201cO PT hoje parece o lobo mau vestido de vovozinha. Daqui a pouco, a popula\u00e7\u00e3o olha e diz: por que boca e olhos t\u00e3o grandes? [&hellip;]<\/p>\n","protected":false},"author":2,"featured_media":167214,"comment_status":"open","ping_status":"open","sticky":false,"template":"","format":"standard","meta":{"_monsterinsights_skip_tracking":false,"_monsterinsights_sitenote_active":false,"_monsterinsights_sitenote_note":"","_monsterinsights_sitenote_category":0},"categories":[30260,30259,12],"tags":[],"aioseo_notices":[],"_links":{"self":[{"href":"https:\/\/mspontocom.com.br\/site\/wp-json\/wp\/v2\/posts\/167212"}],"collection":[{"href":"https:\/\/mspontocom.com.br\/site\/wp-json\/wp\/v2\/posts"}],"about":[{"href":"https:\/\/mspontocom.com.br\/site\/wp-json\/wp\/v2\/types\/post"}],"author":[{"embeddable":true,"href":"https:\/\/mspontocom.com.br\/site\/wp-json\/wp\/v2\/users\/2"}],"replies":[{"embeddable":true,"href":"https:\/\/mspontocom.com.br\/site\/wp-json\/wp\/v2\/comments?post=167212"}],"version-history":[{"count":2,"href":"https:\/\/mspontocom.com.br\/site\/wp-json\/wp\/v2\/posts\/167212\/revisions"}],"predecessor-version":[{"id":167215,"href":"https:\/\/mspontocom.com.br\/site\/wp-json\/wp\/v2\/posts\/167212\/revisions\/167215"}],"wp:featuredmedia":[{"embeddable":true,"href":"https:\/\/mspontocom.com.br\/site\/wp-json\/wp\/v2\/media\/167214"}],"wp:attachment":[{"href":"https:\/\/mspontocom.com.br\/site\/wp-json\/wp\/v2\/media?parent=167212"}],"wp:term":[{"taxonomy":"category","embeddable":true,"href":"https:\/\/mspontocom.com.br\/site\/wp-json\/wp\/v2\/categories?post=167212"},{"taxonomy":"post_tag","embeddable":true,"href":"https:\/\/mspontocom.com.br\/site\/wp-json\/wp\/v2\/tags?post=167212"}],"curies":[{"name":"wp","href":"https:\/\/api.w.org\/{rel}","templated":true}]}}