{"id":167296,"date":"2022-01-26T05:08:15","date_gmt":"2022-01-26T09:08:15","guid":{"rendered":"https:\/\/mspontocom.com.br\/site\/?p=167296"},"modified":"2022-01-26T05:53:54","modified_gmt":"2022-01-26T09:53:54","slug":"reconhecimento-de-que-somos-uma-grande-nacao-diz-guedes-sobre-convite-da-ocde","status":"publish","type":"post","link":"https:\/\/mspontocom.com.br\/site\/reconhecimento-de-que-somos-uma-grande-nacao-diz-guedes-sobre-convite-da-ocde\/","title":{"rendered":"\u2018Reconhecimento de que somos uma grande na\u00e7\u00e3o\u2019, diz Guedes sobre convite da OCDE"},"content":{"rendered":"<p style=\"text-align: justify;\"><img loading=\"lazy\" class=\"alignnone size-large wp-image-167304\" src=\"https:\/\/mspontocom.com.br\/site\/wp-content\/uploads\/2022\/01\/site-reconhecimento-de-que-somos-uma-grande-nacao-diz-guedes-sobre-convite-da-ocde-guedes-1024x682.jpg\" alt=\"\" width=\"1024\" height=\"682\" \/>O ministro da Economia, <strong>Paulo Guedes,<\/strong> afirmou que o convite para a entrada do Brasil na Organiza\u00e7\u00e3o para Coopera\u00e7\u00e3o e Desenvolvimento Econ\u00f4mico <strong>(OCDE)<\/strong> \u00e9 um \u201creconhecimento de que somos uma grande na\u00e7\u00e3o\u201d.<\/p>\n<p style=\"text-align: justify;\">A declara\u00e7\u00e3o foi dada em pronunciamento feito no Pal\u00e1cio do Planalto .<\/p>\n<p style=\"text-align: justify;\">\u201cEsse processo de acesso \u00e0 OCDE exige do Brasil justamente essa converg\u00eancia na reforma tribut\u00e1ria, na liberaliza\u00e7\u00e3o financeira, a converg\u00eancia nos acordos internacionais de servi\u00e7os. \u00c9 um reconhecimento pela nossa agenda e um refor\u00e7o, um compromisso de seguirmos nesses trilhos das reformas de moderniza\u00e7\u00e3o\u201d, disse Paulo Guedes.<\/p>\n<p style=\"text-align: justify;\">De acordo com o ministro, o Brasil j\u00e1 adotou 103 dos 251 instrumentos normativos da entidade \u2013 destes, 37 foram implementados nos tr\u00eas anos da gest\u00e3o<strong> Jair Bolsonaro.<\/strong><\/p>\n<p style=\"text-align: justify;\">\n<div class=\"list-related-posts\">\n<h3 style=\"text-align: justify;\"><\/h3>\n<\/div>\n","protected":false},"excerpt":{"rendered":"<p>O ministro da Economia, Paulo Guedes, afirmou que o convite para a entrada do Brasil na Organiza\u00e7\u00e3o para Coopera\u00e7\u00e3o e Desenvolvimento Econ\u00f4mico (OCDE) \u00e9 um \u201creconhecimento de que somos uma grande na\u00e7\u00e3o\u201d. A declara\u00e7\u00e3o foi dada em pronunciamento feito no Pal\u00e1cio do Planalto . \u201cEsse processo de acesso \u00e0 OCDE exige do Brasil justamente essa [&hellip;]<\/p>\n","protected":false},"author":2,"featured_media":167304,"comment_status":"open","ping_status":"open","sticky":false,"template":"","format":"standard","meta":{"_monsterinsights_skip_tracking":false,"_monsterinsights_sitenote_active":false,"_monsterinsights_sitenote_note":"","_monsterinsights_sitenote_category":0},"categories":[30260,15,30259],"tags":[],"aioseo_notices":[],"_links":{"self":[{"href":"https:\/\/mspontocom.com.br\/site\/wp-json\/wp\/v2\/posts\/167296"}],"collection":[{"href":"https:\/\/mspontocom.com.br\/site\/wp-json\/wp\/v2\/posts"}],"about":[{"href":"https:\/\/mspontocom.com.br\/site\/wp-json\/wp\/v2\/types\/post"}],"author":[{"embeddable":true,"href":"https:\/\/mspontocom.com.br\/site\/wp-json\/wp\/v2\/users\/2"}],"replies":[{"embeddable":true,"href":"https:\/\/mspontocom.com.br\/site\/wp-json\/wp\/v2\/comments?post=167296"}],"version-history":[{"count":2,"href":"https:\/\/mspontocom.com.br\/site\/wp-json\/wp\/v2\/posts\/167296\/revisions"}],"predecessor-version":[{"id":167305,"href":"https:\/\/mspontocom.com.br\/site\/wp-json\/wp\/v2\/posts\/167296\/revisions\/167305"}],"wp:featuredmedia":[{"embeddable":true,"href":"https:\/\/mspontocom.com.br\/site\/wp-json\/wp\/v2\/media\/167304"}],"wp:attachment":[{"href":"https:\/\/mspontocom.com.br\/site\/wp-json\/wp\/v2\/media?parent=167296"}],"wp:term":[{"taxonomy":"category","embeddable":true,"href":"https:\/\/mspontocom.com.br\/site\/wp-json\/wp\/v2\/categories?post=167296"},{"taxonomy":"post_tag","embeddable":true,"href":"https:\/\/mspontocom.com.br\/site\/wp-json\/wp\/v2\/tags?post=167296"}],"curies":[{"name":"wp","href":"https:\/\/api.w.org\/{rel}","templated":true}]}}