{"id":167393,"date":"2022-01-28T12:56:35","date_gmt":"2022-01-28T16:56:35","guid":{"rendered":"https:\/\/mspontocom.com.br\/site\/?p=167393"},"modified":"2022-01-28T12:56:35","modified_gmt":"2022-01-28T16:56:35","slug":"em-carta-aberta-pediatras-pedem-suspensao-da-vacina-infantil-em-portugal","status":"publish","type":"post","link":"https:\/\/mspontocom.com.br\/site\/em-carta-aberta-pediatras-pedem-suspensao-da-vacina-infantil-em-portugal\/","title":{"rendered":"Em carta aberta, pediatras pedem suspens\u00e3o da vacina infantil em Portugal"},"content":{"rendered":"<p style=\"text-align: justify;\"><img loading=\"lazy\" class=\"alignnone size-full wp-image-167394\" src=\"https:\/\/mspontocom.com.br\/site\/wp-content\/uploads\/2022\/01\/site-em-carta-aberta-pediatras-pedem-suspensao-da-vacina-infantil-em-portugal-vacina.jpg\" alt=\"\" width=\"960\" height=\"640\" srcset=\"https:\/\/mspontocom.com.br\/site\/wp-content\/uploads\/2022\/01\/site-em-carta-aberta-pediatras-pedem-suspensao-da-vacina-infantil-em-portugal-vacina.jpg 960w, https:\/\/mspontocom.com.br\/site\/wp-content\/uploads\/2022\/01\/site-em-carta-aberta-pediatras-pedem-suspensao-da-vacina-infantil-em-portugal-vacina-260x173.jpg 260w, https:\/\/mspontocom.com.br\/site\/wp-content\/uploads\/2022\/01\/site-em-carta-aberta-pediatras-pedem-suspensao-da-vacina-infantil-em-portugal-vacina-768x512.jpg 768w\" sizes=\"(max-width: 960px) 100vw, 960px\" \/>Um grupo de pediatras, cardiologistas e infecciologistas querem parar a vacina\u00e7\u00e3o das crian\u00e7as em Portugal.<\/p>\n<p style=\"text-align: justify;\">O grupo escreveu uma carta aberta \u00e0s autoridades de sa\u00fade a pedir a suspens\u00e3o cautelar da vacina\u00e7\u00e3o na idade pedi\u00e1trica, at\u00e9 que se comprove a sua necessidade, beneficio e seguran\u00e7a.<\/p>\n<p style=\"text-align: justify;\"><strong>O movimento apresentou uma a\u00e7\u00e3o popular administrativa na Justi\u00e7a para travar a vacina\u00e7\u00e3o de menores\u00a0 ao Estado e ao Infarmed.<\/strong><\/p>\n<p style=\"text-align: justify;\">De acordo com os autores que se uniram para &#8220;ajudar a guiar a tomada de decis\u00f5es sobre a vacina\u00e7\u00e3o covid-19&#8221;, defendem que n\u00e3o h\u00e1 urg\u00eancia em vacinar crian\u00e7as e jovens no &#8220;atual contexto pand\u00e9mico&#8221;.<\/p>\n<p style=\"text-align: justify;\">Para o movimento, &#8220;o contexto pand\u00eamico que justifica a vacina\u00e7\u00e3o em geral, n\u00e3o se pode aplicar&#8221; aos menores de 18 anos.<\/p>\n<p style=\"text-align: justify;\">E relembra\u00a0<a href=\"https:\/\/www.jn.pt\/nacional\/pericardite-e-miocardite-inflamacoes-cardiacas-associadas-a-covid-19-e-a-vacina-14026622.html\" target=\"_blank\" rel=\"noopener\">os casos de miocardites e pericardites<\/a>, inflama\u00e7\u00f5es card\u00edacas associadas \u00e0 vacina, em crian\u00e7as e adolescentes.<\/p>\n","protected":false},"excerpt":{"rendered":"<p>Um grupo de pediatras, cardiologistas e infecciologistas querem parar a vacina\u00e7\u00e3o das crian\u00e7as em Portugal. O grupo escreveu uma carta aberta \u00e0s autoridades de sa\u00fade a pedir a suspens\u00e3o cautelar da vacina\u00e7\u00e3o na idade pedi\u00e1trica, at\u00e9 que se comprove a sua necessidade, beneficio e seguran\u00e7a. O movimento apresentou uma a\u00e7\u00e3o popular administrativa na Justi\u00e7a para [&hellip;]<\/p>\n","protected":false},"author":2,"featured_media":167394,"comment_status":"open","ping_status":"open","sticky":false,"template":"","format":"standard","meta":{"_monsterinsights_skip_tracking":false,"_monsterinsights_sitenote_active":false,"_monsterinsights_sitenote_note":"","_monsterinsights_sitenote_category":0},"categories":[7,11],"tags":[],"aioseo_notices":[],"_links":{"self":[{"href":"https:\/\/mspontocom.com.br\/site\/wp-json\/wp\/v2\/posts\/167393"}],"collection":[{"href":"https:\/\/mspontocom.com.br\/site\/wp-json\/wp\/v2\/posts"}],"about":[{"href":"https:\/\/mspontocom.com.br\/site\/wp-json\/wp\/v2\/types\/post"}],"author":[{"embeddable":true,"href":"https:\/\/mspontocom.com.br\/site\/wp-json\/wp\/v2\/users\/2"}],"replies":[{"embeddable":true,"href":"https:\/\/mspontocom.com.br\/site\/wp-json\/wp\/v2\/comments?post=167393"}],"version-history":[{"count":1,"href":"https:\/\/mspontocom.com.br\/site\/wp-json\/wp\/v2\/posts\/167393\/revisions"}],"predecessor-version":[{"id":167395,"href":"https:\/\/mspontocom.com.br\/site\/wp-json\/wp\/v2\/posts\/167393\/revisions\/167395"}],"wp:featuredmedia":[{"embeddable":true,"href":"https:\/\/mspontocom.com.br\/site\/wp-json\/wp\/v2\/media\/167394"}],"wp:attachment":[{"href":"https:\/\/mspontocom.com.br\/site\/wp-json\/wp\/v2\/media?parent=167393"}],"wp:term":[{"taxonomy":"category","embeddable":true,"href":"https:\/\/mspontocom.com.br\/site\/wp-json\/wp\/v2\/categories?post=167393"},{"taxonomy":"post_tag","embeddable":true,"href":"https:\/\/mspontocom.com.br\/site\/wp-json\/wp\/v2\/tags?post=167393"}],"curies":[{"name":"wp","href":"https:\/\/api.w.org\/{rel}","templated":true}]}}