{"id":168036,"date":"2022-02-20T08:14:29","date_gmt":"2022-02-20T12:14:29","guid":{"rendered":"https:\/\/mspontocom.com.br\/site\/?p=168036"},"modified":"2022-02-20T08:14:29","modified_gmt":"2022-02-20T12:14:29","slug":"belgica-aprova-jornada-de-trabalho-de-4-dias","status":"publish","type":"post","link":"https:\/\/mspontocom.com.br\/site\/belgica-aprova-jornada-de-trabalho-de-4-dias\/","title":{"rendered":"B\u00e9lgica aprova jornada de trabalho de 4 dias"},"content":{"rendered":"<p><img loading=\"lazy\" class=\"alignnone size-full wp-image-168045\" src=\"https:\/\/mspontocom.com.br\/site\/wp-content\/uploads\/2022\/02\/site-belgica-aprova-jornada-de-trabalho-de-4-dias-folgag.jpg\" alt=\"\" width=\"600\" height=\"310\" srcset=\"https:\/\/mspontocom.com.br\/site\/wp-content\/uploads\/2022\/02\/site-belgica-aprova-jornada-de-trabalho-de-4-dias-folgag.jpg 600w, https:\/\/mspontocom.com.br\/site\/wp-content\/uploads\/2022\/02\/site-belgica-aprova-jornada-de-trabalho-de-4-dias-folgag-260x134.jpg 260w\" sizes=\"(max-width: 600px) 100vw, 600px\" \/><\/p>\n<p style=\"text-align: justify;\">Quatro dias de trabalho, 3 dias de descanso, mais tempo com a fam\u00edlia e, de prefer\u00eancia, com o mesmo sal\u00e1rio.<\/p>\n<p style=\"text-align: justify;\">Segundo os defensores do esquema, ele promete n\u00e3o s\u00f3 mais satisfa\u00e7\u00e3o, como tamb\u00e9m<strong> produtividade mais alta.<\/strong><\/p>\n<p style=\"text-align: justify;\">Nesta semana, a<strong> B\u00e9lgica<\/strong> entrou para o grupo de pa\u00edses que d\u00e3o ao\u00a0trabalhador a op\u00e7\u00e3o de distribuir sua jornada semanal por\u00a04 ou 5 dias\u00a0\u2013\u00a0sempre mantendo-se a mesma carga hor\u00e1ria total.<\/p>\n<p style=\"text-align: justify;\">De acordo com o primeiro-ministro belga, Alexander de Croo, <strong>a inten\u00e7\u00e3o do projeto \u00e9 tornar a economia mais din\u00e2mica e melhorar a compatibilidade entre fam\u00edlia e trabalho. <\/strong><\/p>\n<p style=\"text-align: justify;\">O\u00a0chefe de governo frisa\u00a0que a flexibilidade vai mais longe: a jornada semanal cl\u00e1ssica belga \u00e9 de\u00a038 horas, mas o empregado term a op\u00e7\u00e3o de\u00a0 trabalhar\u00a045 horas numa semana e deduzir as\u00a0sete horas adicionais na seguinte.<\/p>\n<p style=\"text-align: justify;\">O regime de 4 ou 5 dias \u00e9 uma decis\u00e3o do pr\u00f3prio trabalhador, que poder\u00e1 renovar ou alterar o pedido a cada 6 meses.<\/p>\n<p style=\"text-align: justify;\">\n<p style=\"text-align: justify;\">fonte: Poder 360<\/p>\n","protected":false},"excerpt":{"rendered":"<p>Quatro dias de trabalho, 3 dias de descanso, mais tempo com a fam\u00edlia e, de prefer\u00eancia, com o mesmo sal\u00e1rio. Segundo os defensores do esquema, ele promete n\u00e3o s\u00f3 mais satisfa\u00e7\u00e3o, como tamb\u00e9m produtividade mais alta. Nesta semana, a B\u00e9lgica entrou para o grupo de pa\u00edses que d\u00e3o ao\u00a0trabalhador a op\u00e7\u00e3o de distribuir sua jornada [&hellip;]<\/p>\n","protected":false},"author":2,"featured_media":168045,"comment_status":"open","ping_status":"open","sticky":false,"template":"","format":"standard","meta":{"_monsterinsights_skip_tracking":false,"_monsterinsights_sitenote_active":false,"_monsterinsights_sitenote_note":"","_monsterinsights_sitenote_category":0},"categories":[15,7],"tags":[],"aioseo_notices":[],"_links":{"self":[{"href":"https:\/\/mspontocom.com.br\/site\/wp-json\/wp\/v2\/posts\/168036"}],"collection":[{"href":"https:\/\/mspontocom.com.br\/site\/wp-json\/wp\/v2\/posts"}],"about":[{"href":"https:\/\/mspontocom.com.br\/site\/wp-json\/wp\/v2\/types\/post"}],"author":[{"embeddable":true,"href":"https:\/\/mspontocom.com.br\/site\/wp-json\/wp\/v2\/users\/2"}],"replies":[{"embeddable":true,"href":"https:\/\/mspontocom.com.br\/site\/wp-json\/wp\/v2\/comments?post=168036"}],"version-history":[{"count":2,"href":"https:\/\/mspontocom.com.br\/site\/wp-json\/wp\/v2\/posts\/168036\/revisions"}],"predecessor-version":[{"id":168046,"href":"https:\/\/mspontocom.com.br\/site\/wp-json\/wp\/v2\/posts\/168036\/revisions\/168046"}],"wp:featuredmedia":[{"embeddable":true,"href":"https:\/\/mspontocom.com.br\/site\/wp-json\/wp\/v2\/media\/168045"}],"wp:attachment":[{"href":"https:\/\/mspontocom.com.br\/site\/wp-json\/wp\/v2\/media?parent=168036"}],"wp:term":[{"taxonomy":"category","embeddable":true,"href":"https:\/\/mspontocom.com.br\/site\/wp-json\/wp\/v2\/categories?post=168036"},{"taxonomy":"post_tag","embeddable":true,"href":"https:\/\/mspontocom.com.br\/site\/wp-json\/wp\/v2\/tags?post=168036"}],"curies":[{"name":"wp","href":"https:\/\/api.w.org\/{rel}","templated":true}]}}