{"id":168254,"date":"2022-03-02T09:40:16","date_gmt":"2022-03-02T13:40:16","guid":{"rendered":"https:\/\/mspontocom.com.br\/site\/?p=168254"},"modified":"2022-03-02T09:42:28","modified_gmt":"2022-03-02T13:42:28","slug":"ucrania-convoca-voluntarios-para-integrar-exercito-tecnologico","status":"publish","type":"post","link":"https:\/\/mspontocom.com.br\/site\/ucrania-convoca-voluntarios-para-integrar-exercito-tecnologico\/","title":{"rendered":"Ucr\u00e2nia convoca volunt\u00e1rios para integrar \u201cEx\u00e9rcito Tecnol\u00f3gico\u201d"},"content":{"rendered":"<p style=\"text-align: justify;\"><img loading=\"lazy\" class=\"alignnone size-full wp-image-168354\" src=\"https:\/\/mspontocom.com.br\/site\/wp-content\/uploads\/2022\/02\/site-ucrania-convoca-voluntarios-para-integrar-exercito-de-ti-hacher.jpg\" alt=\"\" width=\"300\" height=\"168\" srcset=\"https:\/\/mspontocom.com.br\/site\/wp-content\/uploads\/2022\/02\/site-ucrania-convoca-voluntarios-para-integrar-exercito-de-ti-hacher.jpg 300w, https:\/\/mspontocom.com.br\/site\/wp-content\/uploads\/2022\/02\/site-ucrania-convoca-voluntarios-para-integrar-exercito-de-ti-hacher-260x146.jpg 260w\" sizes=\"(max-width: 300px) 100vw, 300px\" \/><\/p>\n<p style=\"text-align: justify;\">O ministro da<strong> Transforma\u00e7\u00e3o Digital da Ucr\u00e2nia<\/strong>, Mykhailo Fedorov, convocou volunt\u00e1rios para integrar um \u201c<strong>Ex\u00e9rcito de TI\u201d<\/strong> e atuar em uma <strong>\u201cguerra cibern\u00e9tica\u201d<\/strong> contra os russos.<\/p>\n<p style=\"text-align: justify;\">O convite foi publicado em seu perfil no <strong>Twitter. <\/strong><\/p>\n<p style=\"text-align: justify;\">Na mensagem, Fedorov insere um link que encaminha para o aplicativo de mensagens <strong>Telegram.<\/strong><\/p>\n<p style=\"text-align: justify;\">\u201cEstamos criando um ex\u00e9rcito de TI. Precisamos de talentos digitais. Todas as tarefas operacionais ser\u00e3o dadas aqui:<span style=\"color: #ff0000;\"><strong> https:\/\/t.me\/itarmyofuraine<\/strong><\/span>. Haver\u00e1 tarefas para todos. Continuamos a lutar na frente cibern\u00e9tica.<\/p>\n<p style=\"text-align: justify;\">A primeira tarefa est\u00e1 no canal para especialistas cibern\u00e9ticos\u201d, escreveu o ministro.<\/p>\n<p>&nbsp;<\/p>\n<p>fonte: Poder 360<\/p>\n","protected":false},"excerpt":{"rendered":"<p>O ministro da Transforma\u00e7\u00e3o Digital da Ucr\u00e2nia, Mykhailo Fedorov, convocou volunt\u00e1rios para integrar um \u201cEx\u00e9rcito de TI\u201d e atuar em uma \u201cguerra cibern\u00e9tica\u201d contra os russos. O convite foi publicado em seu perfil no Twitter. Na mensagem, Fedorov insere um link que encaminha para o aplicativo de mensagens Telegram. \u201cEstamos criando um ex\u00e9rcito de TI. [&hellip;]<\/p>\n","protected":false},"author":2,"featured_media":168354,"comment_status":"open","ping_status":"open","sticky":false,"template":"","format":"standard","meta":{"_monsterinsights_skip_tracking":false,"_monsterinsights_sitenote_active":false,"_monsterinsights_sitenote_note":"","_monsterinsights_sitenote_category":0},"categories":[7,70],"tags":[],"aioseo_notices":[],"_links":{"self":[{"href":"https:\/\/mspontocom.com.br\/site\/wp-json\/wp\/v2\/posts\/168254"}],"collection":[{"href":"https:\/\/mspontocom.com.br\/site\/wp-json\/wp\/v2\/posts"}],"about":[{"href":"https:\/\/mspontocom.com.br\/site\/wp-json\/wp\/v2\/types\/post"}],"author":[{"embeddable":true,"href":"https:\/\/mspontocom.com.br\/site\/wp-json\/wp\/v2\/users\/2"}],"replies":[{"embeddable":true,"href":"https:\/\/mspontocom.com.br\/site\/wp-json\/wp\/v2\/comments?post=168254"}],"version-history":[{"count":5,"href":"https:\/\/mspontocom.com.br\/site\/wp-json\/wp\/v2\/posts\/168254\/revisions"}],"predecessor-version":[{"id":168355,"href":"https:\/\/mspontocom.com.br\/site\/wp-json\/wp\/v2\/posts\/168254\/revisions\/168355"}],"wp:featuredmedia":[{"embeddable":true,"href":"https:\/\/mspontocom.com.br\/site\/wp-json\/wp\/v2\/media\/168354"}],"wp:attachment":[{"href":"https:\/\/mspontocom.com.br\/site\/wp-json\/wp\/v2\/media?parent=168254"}],"wp:term":[{"taxonomy":"category","embeddable":true,"href":"https:\/\/mspontocom.com.br\/site\/wp-json\/wp\/v2\/categories?post=168254"},{"taxonomy":"post_tag","embeddable":true,"href":"https:\/\/mspontocom.com.br\/site\/wp-json\/wp\/v2\/tags?post=168254"}],"curies":[{"name":"wp","href":"https:\/\/api.w.org\/{rel}","templated":true}]}}