{"id":168301,"date":"2022-03-01T05:57:34","date_gmt":"2022-03-01T09:57:34","guid":{"rendered":"https:\/\/mspontocom.com.br\/site\/?p=168301"},"modified":"2022-03-01T05:57:49","modified_gmt":"2022-03-01T09:57:49","slug":"ucrania-dispensa-visto-para-quem-quiser-defender-o-pais-contra-a-russia","status":"publish","type":"post","link":"https:\/\/mspontocom.com.br\/site\/ucrania-dispensa-visto-para-quem-quiser-defender-o-pais-contra-a-russia\/","title":{"rendered":"Ucr\u00e2nia dispensa visto para quem quiser defender o pa\u00eds contra a R\u00fassia"},"content":{"rendered":"<p style=\"text-align: justify;\"><img loading=\"lazy\" class=\"alignnone size-full wp-image-168316\" src=\"https:\/\/mspontocom.com.br\/site\/wp-content\/uploads\/2022\/03\/site-ucrania-dispensa-visto-para-quem-quiser-defender-o-pais-contra-a-russia-ze.jpg\" alt=\"\" width=\"675\" height=\"450\" srcset=\"https:\/\/mspontocom.com.br\/site\/wp-content\/uploads\/2022\/03\/site-ucrania-dispensa-visto-para-quem-quiser-defender-o-pais-contra-a-russia-ze.jpg 675w, https:\/\/mspontocom.com.br\/site\/wp-content\/uploads\/2022\/03\/site-ucrania-dispensa-visto-para-quem-quiser-defender-o-pais-contra-a-russia-ze-260x173.jpg 260w\" sizes=\"(max-width: 675px) 100vw, 675px\" \/><\/p>\n<p>&nbsp;<\/p>\n<p style=\"text-align: justify;\">O presidente da <strong>Ucr\u00e2nia<\/strong>, Volodymyr Zelensky (foto), decretou que estrangeiros que queiram auxiliar no combate contra a R\u00fassia n\u00e3o necessitar\u00e3o de visto para entrar no pa\u00eds.<\/p>\n<p style=\"text-align: justify;\">Segundo a ag\u00eancia AP, o decreto de <strong>Zelensky<\/strong> deve entrar em vigor nesta ter\u00e7a-feira (1\u00ba) e durar enquanto as tropas russas estiverem em solo ucraniano.<\/p>\n<p style=\"text-align: justify;\">A entrada facilitada de volunt\u00e1rios que queiram integrar o ex\u00e9rcito ucraniano foi anunciado ap\u00f3s uma dia de ataques a\u00e9reos contra diversas cidades e o cerco \u00e0 capital<strong> Kiev.<\/strong><\/p>\n<p style=\"text-align: justify;\">Mais cedo, a <strong>R\u00fassia<\/strong> amea\u00e7ou retaliar pa\u00edses europeus que enviarem armas, equipamentos militares e combust\u00edveis para as For\u00e7as Armadas da Ucr\u00e2nia.<\/p>\n","protected":false},"excerpt":{"rendered":"<p>&nbsp; O presidente da Ucr\u00e2nia, Volodymyr Zelensky (foto), decretou que estrangeiros que queiram auxiliar no combate contra a R\u00fassia n\u00e3o necessitar\u00e3o de visto para entrar no pa\u00eds. Segundo a ag\u00eancia AP, o decreto de Zelensky deve entrar em vigor nesta ter\u00e7a-feira (1\u00ba) e durar enquanto as tropas russas estiverem em solo ucraniano. A entrada facilitada [&hellip;]<\/p>\n","protected":false},"author":2,"featured_media":168316,"comment_status":"open","ping_status":"open","sticky":false,"template":"","format":"standard","meta":{"_monsterinsights_skip_tracking":false,"_monsterinsights_sitenote_active":false,"_monsterinsights_sitenote_note":"","_monsterinsights_sitenote_category":0},"categories":[7],"tags":[],"aioseo_notices":[],"_links":{"self":[{"href":"https:\/\/mspontocom.com.br\/site\/wp-json\/wp\/v2\/posts\/168301"}],"collection":[{"href":"https:\/\/mspontocom.com.br\/site\/wp-json\/wp\/v2\/posts"}],"about":[{"href":"https:\/\/mspontocom.com.br\/site\/wp-json\/wp\/v2\/types\/post"}],"author":[{"embeddable":true,"href":"https:\/\/mspontocom.com.br\/site\/wp-json\/wp\/v2\/users\/2"}],"replies":[{"embeddable":true,"href":"https:\/\/mspontocom.com.br\/site\/wp-json\/wp\/v2\/comments?post=168301"}],"version-history":[{"count":2,"href":"https:\/\/mspontocom.com.br\/site\/wp-json\/wp\/v2\/posts\/168301\/revisions"}],"predecessor-version":[{"id":168317,"href":"https:\/\/mspontocom.com.br\/site\/wp-json\/wp\/v2\/posts\/168301\/revisions\/168317"}],"wp:featuredmedia":[{"embeddable":true,"href":"https:\/\/mspontocom.com.br\/site\/wp-json\/wp\/v2\/media\/168316"}],"wp:attachment":[{"href":"https:\/\/mspontocom.com.br\/site\/wp-json\/wp\/v2\/media?parent=168301"}],"wp:term":[{"taxonomy":"category","embeddable":true,"href":"https:\/\/mspontocom.com.br\/site\/wp-json\/wp\/v2\/categories?post=168301"},{"taxonomy":"post_tag","embeddable":true,"href":"https:\/\/mspontocom.com.br\/site\/wp-json\/wp\/v2\/tags?post=168301"}],"curies":[{"name":"wp","href":"https:\/\/api.w.org\/{rel}","templated":true}]}}