{"id":168347,"date":"2022-03-02T05:39:46","date_gmt":"2022-03-02T09:39:46","guid":{"rendered":"https:\/\/mspontocom.com.br\/site\/?p=168347"},"modified":"2022-03-02T05:39:46","modified_gmt":"2022-03-02T09:39:46","slug":"parlamento-europeu-quer-ucrania-com-status-de-pais-candidato-a-ue","status":"publish","type":"post","link":"https:\/\/mspontocom.com.br\/site\/parlamento-europeu-quer-ucrania-com-status-de-pais-candidato-a-ue\/","title":{"rendered":"Parlamento Europeu quer Ucr\u00e2nia com \u2018status de pa\u00eds candidato\u2019 \u00e0 UE"},"content":{"rendered":"<p style=\"text-align: justify;\"><img loading=\"lazy\" class=\"alignnone size-full wp-image-168363\" src=\"https:\/\/mspontocom.com.br\/site\/wp-content\/uploads\/2022\/03\/site-parlamento-europeu-quer-ucrania-com-status-de-pais-candidato-a-ue-ue-ukr-768x512-e1646213907645.jpg\" alt=\"\" width=\"706\" height=\"360\" srcset=\"https:\/\/mspontocom.com.br\/site\/wp-content\/uploads\/2022\/03\/site-parlamento-europeu-quer-ucrania-com-status-de-pais-candidato-a-ue-ue-ukr-768x512-e1646213907645.jpg 706w, https:\/\/mspontocom.com.br\/site\/wp-content\/uploads\/2022\/03\/site-parlamento-europeu-quer-ucrania-com-status-de-pais-candidato-a-ue-ue-ukr-768x512-e1646213907645-260x133.jpg 260w\" sizes=\"(max-width: 706px) 100vw, 706px\" \/><\/p>\n<p style=\"text-align: justify;\">O <strong>Parlamento Europeu<\/strong> aprovou\u00a0 resolu\u00e7\u00e3o que defende o status da <strong>Ucr\u00e3nia<\/strong>\u00a0como pa\u00eds candidato \u00e0 ades\u00e3o \u00e0 Uni\u00e3o Europeia. 637 deputados votaram a favor do documento.<\/p>\n<p style=\"text-align: justify;\">\u201cO Parlamento Europeu apela \u00e0s institui\u00e7\u00f5es da UE para que trabalhem pelo estatuto de candidato \u00e0 UE da Ucr\u00e2nia, em conformidade do<strong> Tratado da Uni\u00e3o Europeia<\/strong> e com base no m\u00e9rito, continuando a trabalhar para a sua integra\u00e7\u00e3o no mercado \u00fanico da UE ao abrigo do Acordo de Associa\u00e7\u00e3o. \u201c, disse o comunicado.<\/p>\n<p style=\"text-align: justify;\">Na segunda-feira, 28, o presidente ucraniano\u00a0<strong> Zelensky<\/strong> havia assinado um documento que solicitava que seu pa\u00eds ingressasse na Uni\u00e3o Europeia.<\/p>\n<p style=\"text-align: justify;\">&#8221; Provamos nossa for\u00e7a , ent\u00e3o prove que est\u00e3o conosco, prove que n\u00e3o nos abandonar\u00e3o\u201d, disse Zelensky.<\/p>\n","protected":false},"excerpt":{"rendered":"<p>O Parlamento Europeu aprovou\u00a0 resolu\u00e7\u00e3o que defende o status da Ucr\u00e3nia\u00a0como pa\u00eds candidato \u00e0 ades\u00e3o \u00e0 Uni\u00e3o Europeia. 637 deputados votaram a favor do documento. \u201cO Parlamento Europeu apela \u00e0s institui\u00e7\u00f5es da UE para que trabalhem pelo estatuto de candidato \u00e0 UE da Ucr\u00e2nia, em conformidade do Tratado da Uni\u00e3o Europeia e com base no [&hellip;]<\/p>\n","protected":false},"author":2,"featured_media":168363,"comment_status":"open","ping_status":"open","sticky":false,"template":"","format":"standard","meta":{"_monsterinsights_skip_tracking":false,"_monsterinsights_sitenote_active":false,"_monsterinsights_sitenote_note":"","_monsterinsights_sitenote_category":0},"categories":[7],"tags":[],"aioseo_notices":[],"_links":{"self":[{"href":"https:\/\/mspontocom.com.br\/site\/wp-json\/wp\/v2\/posts\/168347"}],"collection":[{"href":"https:\/\/mspontocom.com.br\/site\/wp-json\/wp\/v2\/posts"}],"about":[{"href":"https:\/\/mspontocom.com.br\/site\/wp-json\/wp\/v2\/types\/post"}],"author":[{"embeddable":true,"href":"https:\/\/mspontocom.com.br\/site\/wp-json\/wp\/v2\/users\/2"}],"replies":[{"embeddable":true,"href":"https:\/\/mspontocom.com.br\/site\/wp-json\/wp\/v2\/comments?post=168347"}],"version-history":[{"count":2,"href":"https:\/\/mspontocom.com.br\/site\/wp-json\/wp\/v2\/posts\/168347\/revisions"}],"predecessor-version":[{"id":168364,"href":"https:\/\/mspontocom.com.br\/site\/wp-json\/wp\/v2\/posts\/168347\/revisions\/168364"}],"wp:featuredmedia":[{"embeddable":true,"href":"https:\/\/mspontocom.com.br\/site\/wp-json\/wp\/v2\/media\/168363"}],"wp:attachment":[{"href":"https:\/\/mspontocom.com.br\/site\/wp-json\/wp\/v2\/media?parent=168347"}],"wp:term":[{"taxonomy":"category","embeddable":true,"href":"https:\/\/mspontocom.com.br\/site\/wp-json\/wp\/v2\/categories?post=168347"},{"taxonomy":"post_tag","embeddable":true,"href":"https:\/\/mspontocom.com.br\/site\/wp-json\/wp\/v2\/tags?post=168347"}],"curies":[{"name":"wp","href":"https:\/\/api.w.org\/{rel}","templated":true}]}}