{"id":168644,"date":"2022-03-11T07:33:32","date_gmt":"2022-03-11T11:33:32","guid":{"rendered":"https:\/\/mspontocom.com.br\/site\/?p=168644"},"modified":"2022-03-11T07:33:32","modified_gmt":"2022-03-11T11:33:32","slug":"facebook-e-instagram-autorizam-posts-que-pedem-morte-de-putin","status":"publish","type":"post","link":"https:\/\/mspontocom.com.br\/site\/facebook-e-instagram-autorizam-posts-que-pedem-morte-de-putin\/","title":{"rendered":"Facebook e Instagram autorizam posts que pedem morte de Putin"},"content":{"rendered":"<p style=\"text-align: justify;\"><img loading=\"lazy\" class=\"alignnone size-full wp-image-168645\" src=\"https:\/\/mspontocom.com.br\/site\/wp-content\/uploads\/2022\/03\/site-putin-1-e1646998348916.jpg\" alt=\"\" width=\"756\" height=\"460\" srcset=\"https:\/\/mspontocom.com.br\/site\/wp-content\/uploads\/2022\/03\/site-putin-1-e1646998348916.jpg 756w, https:\/\/mspontocom.com.br\/site\/wp-content\/uploads\/2022\/03\/site-putin-1-e1646998348916-260x158.jpg 260w\" sizes=\"(max-width: 756px) 100vw, 756px\" \/>A <strong>Meta<\/strong> vai autorizar temporariamente que usu\u00e1rios do<strong> Facebook e Instagram<\/strong> de alguns pa\u00edses publiquem conte\u00fado que incite a viol\u00eancia contra russos e o presidente <strong>Vladimir Putin<\/strong>, no contexto da guerra na Ucr\u00e2nia.<\/p>\n<p style=\"text-align: justify;\">A informa\u00e7\u00e3o foi divulgada nesta 5\u00aa feira (10.mar.2022) pela Reuters, que teve acesso a e-mails da empresa.<\/p>\n<p style=\"text-align: justify;\">\u201cComo resultado da invas\u00e3o russa da Ucr\u00e2nia, temporariamente permitimos formas de express\u00e3o que normalmente violariam nossas regras, como discurso violento como \u2018morte aos invasores russos\u2019.<\/p>\n<p style=\"text-align: justify;\">Pelos crit\u00e9rios da Meta, a permiss\u00e3o para <strong>\u201cdiscurso violento\u201d<\/strong> aplica-se quando o alvo destacado na publica\u00e7\u00e3o \u00e9 militar (com exce\u00e7\u00e3o para prisioneiros) ou quando h\u00e1 um contexto de defesa do povo ucraniano, explicitando o local da invas\u00e3o:<\/p>\n<p style=\"text-align: justify;\">\u201cEstamos emitindo uma permiss\u00e3o para quando (\u2026.) (a) alvejar soldados russos, EXCETO prisioneiros de guerra, ou (b) alvejar russos quando \u00e9 claro que o contexto \u00e9 a invas\u00e3o russa da Ucr\u00e2nia (por exemplo, o conte\u00fado menciona a invas\u00e3o, autodefesa etc.)\u201d, diz o e-mail revelado pela ag\u00eancia de not\u00edcias.<\/p>\n","protected":false},"excerpt":{"rendered":"<p>A Meta vai autorizar temporariamente que usu\u00e1rios do Facebook e Instagram de alguns pa\u00edses publiquem conte\u00fado que incite a viol\u00eancia contra russos e o presidente Vladimir Putin, no contexto da guerra na Ucr\u00e2nia. A informa\u00e7\u00e3o foi divulgada nesta 5\u00aa feira (10.mar.2022) pela Reuters, que teve acesso a e-mails da empresa. \u201cComo resultado da invas\u00e3o russa [&hellip;]<\/p>\n","protected":false},"author":2,"featured_media":168645,"comment_status":"open","ping_status":"open","sticky":false,"template":"","format":"standard","meta":{"_monsterinsights_skip_tracking":false,"_monsterinsights_sitenote_active":false,"_monsterinsights_sitenote_note":"","_monsterinsights_sitenote_category":0},"categories":[7],"tags":[],"aioseo_notices":[],"_links":{"self":[{"href":"https:\/\/mspontocom.com.br\/site\/wp-json\/wp\/v2\/posts\/168644"}],"collection":[{"href":"https:\/\/mspontocom.com.br\/site\/wp-json\/wp\/v2\/posts"}],"about":[{"href":"https:\/\/mspontocom.com.br\/site\/wp-json\/wp\/v2\/types\/post"}],"author":[{"embeddable":true,"href":"https:\/\/mspontocom.com.br\/site\/wp-json\/wp\/v2\/users\/2"}],"replies":[{"embeddable":true,"href":"https:\/\/mspontocom.com.br\/site\/wp-json\/wp\/v2\/comments?post=168644"}],"version-history":[{"count":1,"href":"https:\/\/mspontocom.com.br\/site\/wp-json\/wp\/v2\/posts\/168644\/revisions"}],"predecessor-version":[{"id":168646,"href":"https:\/\/mspontocom.com.br\/site\/wp-json\/wp\/v2\/posts\/168644\/revisions\/168646"}],"wp:featuredmedia":[{"embeddable":true,"href":"https:\/\/mspontocom.com.br\/site\/wp-json\/wp\/v2\/media\/168645"}],"wp:attachment":[{"href":"https:\/\/mspontocom.com.br\/site\/wp-json\/wp\/v2\/media?parent=168644"}],"wp:term":[{"taxonomy":"category","embeddable":true,"href":"https:\/\/mspontocom.com.br\/site\/wp-json\/wp\/v2\/categories?post=168644"},{"taxonomy":"post_tag","embeddable":true,"href":"https:\/\/mspontocom.com.br\/site\/wp-json\/wp\/v2\/tags?post=168644"}],"curies":[{"name":"wp","href":"https:\/\/api.w.org\/{rel}","templated":true}]}}