{"id":168662,"date":"2022-03-12T06:39:47","date_gmt":"2022-03-12T10:39:47","guid":{"rendered":"https:\/\/mspontocom.com.br\/site\/?p=168662"},"modified":"2022-03-12T06:39:47","modified_gmt":"2022-03-12T10:39:47","slug":"russia-ameaca-deixar-astronauta-americano-no-espaco-apos-sancoes","status":"publish","type":"post","link":"https:\/\/mspontocom.com.br\/site\/russia-ameaca-deixar-astronauta-americano-no-espaco-apos-sancoes\/","title":{"rendered":"R\u00fassia amea\u00e7a deixar astronauta americano no espa\u00e7o ap\u00f3s san\u00e7\u00f5es"},"content":{"rendered":"<p style=\"text-align: justify;\"><img loading=\"lazy\" class=\"alignnone size-full wp-image-168684\" src=\"https:\/\/mspontocom.com.br\/site\/wp-content\/uploads\/2022\/03\/site-russia-ameaca-deixar-astronauta-americano-no-espaco-apos-sancoes-diz-tv-astro-e1647081507752.jpg\" alt=\"\" width=\"223\" height=\"166\" \/><\/p>\n<p style=\"text-align: justify;\">O chefe da ag\u00eancia espacial da R\u00fassia, Dmitry Rogozin, amea\u00e7ou abandonar o astronauta norte-americano <strong>Mark Vande Hei<\/strong> no espa\u00e7o ap\u00f3s os<strong> Estados Unidos<\/strong> anunciarem san\u00e7\u00f5es contra o pa\u00eds pela invas\u00e3o da <strong>Ucr\u00e2nia. <\/strong><\/p>\n<p style=\"text-align: justify;\">A informa\u00e7\u00e3o \u00e9 do canal norte-americano ABC.<\/p>\n<p style=\"text-align: justify;\">O presidente dos Estados Unidos, Joe Biden, anunciou no fim de fevereiro que ia barrar a exporta\u00e7\u00e3o de itens de alta tecnologia para o pa\u00eds do Leste Europeu, para afetar a ind\u00fastria a\u00e9rea e o programa espacial russo.<\/p>\n<p style=\"text-align: justify;\">Rogozin respondeu \u00e0 san\u00e7\u00e3o com uma s\u00e9rie de publica\u00e7\u00f5es nas redes sociais.<\/p>\n<p style=\"text-align: justify;\">De acordo com a emissora, ele publicou um v\u00eddeo em russo em que amea\u00e7a deixar Vande Hei no espa\u00e7o e desconectar o segmento russo da<strong> Esta\u00e7\u00e3o Espacial Internacional.<\/strong><\/p>\n<p style=\"text-align: justify;\">Com 355 dias a bordo, Vande Hei \u00e9 o astronauta que passou mais tempo na esta\u00e7\u00e3o, que fica a 408 km da \u00f3rbita da Terra.<\/p>\n<p style=\"text-align: justify;\">O retorno dele est\u00e1 marcado para o final deste m\u00eas, em uma nave russa, junto de dois cosmonautas do pa\u00eds.<\/p>\n","protected":false},"excerpt":{"rendered":"<p>O chefe da ag\u00eancia espacial da R\u00fassia, Dmitry Rogozin, amea\u00e7ou abandonar o astronauta norte-americano Mark Vande Hei no espa\u00e7o ap\u00f3s os Estados Unidos anunciarem san\u00e7\u00f5es contra o pa\u00eds pela invas\u00e3o da Ucr\u00e2nia. A informa\u00e7\u00e3o \u00e9 do canal norte-americano ABC. O presidente dos Estados Unidos, Joe Biden, anunciou no fim de fevereiro que ia barrar a [&hellip;]<\/p>\n","protected":false},"author":2,"featured_media":168684,"comment_status":"open","ping_status":"open","sticky":false,"template":"","format":"standard","meta":{"_monsterinsights_skip_tracking":false,"_monsterinsights_sitenote_active":false,"_monsterinsights_sitenote_note":"","_monsterinsights_sitenote_category":0},"categories":[7752,7],"tags":[],"aioseo_notices":[],"_links":{"self":[{"href":"https:\/\/mspontocom.com.br\/site\/wp-json\/wp\/v2\/posts\/168662"}],"collection":[{"href":"https:\/\/mspontocom.com.br\/site\/wp-json\/wp\/v2\/posts"}],"about":[{"href":"https:\/\/mspontocom.com.br\/site\/wp-json\/wp\/v2\/types\/post"}],"author":[{"embeddable":true,"href":"https:\/\/mspontocom.com.br\/site\/wp-json\/wp\/v2\/users\/2"}],"replies":[{"embeddable":true,"href":"https:\/\/mspontocom.com.br\/site\/wp-json\/wp\/v2\/comments?post=168662"}],"version-history":[{"count":2,"href":"https:\/\/mspontocom.com.br\/site\/wp-json\/wp\/v2\/posts\/168662\/revisions"}],"predecessor-version":[{"id":168685,"href":"https:\/\/mspontocom.com.br\/site\/wp-json\/wp\/v2\/posts\/168662\/revisions\/168685"}],"wp:featuredmedia":[{"embeddable":true,"href":"https:\/\/mspontocom.com.br\/site\/wp-json\/wp\/v2\/media\/168684"}],"wp:attachment":[{"href":"https:\/\/mspontocom.com.br\/site\/wp-json\/wp\/v2\/media?parent=168662"}],"wp:term":[{"taxonomy":"category","embeddable":true,"href":"https:\/\/mspontocom.com.br\/site\/wp-json\/wp\/v2\/categories?post=168662"},{"taxonomy":"post_tag","embeddable":true,"href":"https:\/\/mspontocom.com.br\/site\/wp-json\/wp\/v2\/tags?post=168662"}],"curies":[{"name":"wp","href":"https:\/\/api.w.org\/{rel}","templated":true}]}}