{"id":168725,"date":"2022-03-14T05:53:37","date_gmt":"2022-03-14T09:53:37","guid":{"rendered":"https:\/\/mspontocom.com.br\/site\/?p=168725"},"modified":"2022-03-14T05:53:37","modified_gmt":"2022-03-14T09:53:37","slug":"e-questao-de-tempo-russia-atacar-otan-afirma-zelensky","status":"publish","type":"post","link":"https:\/\/mspontocom.com.br\/site\/e-questao-de-tempo-russia-atacar-otan-afirma-zelensky\/","title":{"rendered":"\u201c\u00c9 quest\u00e3o de tempo\u201d R\u00fassia atacar Otan, afirma Zelensky"},"content":{"rendered":"<p style=\"text-align: justify;\"><img loading=\"lazy\" class=\"alignnone size-full wp-image-168731\" src=\"https:\/\/mspontocom.com.br\/site\/wp-content\/uploads\/2022\/03\/site-e-questao-de-tempo-russia-atacar-otan-afirma-zelen-ze.jpg\" alt=\"\" width=\"640\" height=\"360\" srcset=\"https:\/\/mspontocom.com.br\/site\/wp-content\/uploads\/2022\/03\/site-e-questao-de-tempo-russia-atacar-otan-afirma-zelen-ze.jpg 640w, https:\/\/mspontocom.com.br\/site\/wp-content\/uploads\/2022\/03\/site-e-questao-de-tempo-russia-atacar-otan-afirma-zelen-ze-260x146.jpg 260w\" sizes=\"(max-width: 640px) 100vw, 640px\" \/><\/p>\n<p style=\"text-align: justify;\">O presidente da Ucr\u00e2nia, <strong>Volodimir Zelensky<\/strong>, voltou a pedir \u00e0 <strong>Otan<\/strong>, uma zona de exclus\u00e3o a\u00e9rea em seu pa\u00eds.<\/p>\n<p style=\"text-align: justify;\">Segundo ele, caso isso n\u00e3o ocorra, \u201c\u00e9 quest\u00e3o de tempo\u201d para membros da organiza\u00e7\u00e3o serem atacados pela R\u00fassia.<\/p>\n<p style=\"text-align: justify;\">\u201cNo ano passado, eu deixei bem claro para os l\u00edderes da Otan que eles n\u00e3o fossem duros o bastante nas san\u00e7\u00f5es preventivas contra a R\u00fassia, que ela poderia come\u00e7ar uma guerra. N\u00f3s est\u00e1vamos certos\u201d, disse.<\/p>\n<p style=\"text-align: justify;\">\u201cE agora repito novamente: \u2018Se voc\u00eas n\u00e3o fecharem nossos c\u00e9us,<strong> \u00e9 apenas uma quest\u00e3o de tempo at\u00e9 que m\u00edsseis russos caiam em seu territ\u00f3rio, no territ\u00f3rio da Otan,<\/strong> nas casas dos cidad\u00e3os da Otan&#8217;\u201d, afirmou Zelensky<\/p>\n","protected":false},"excerpt":{"rendered":"<p>O presidente da Ucr\u00e2nia, Volodimir Zelensky, voltou a pedir \u00e0 Otan, uma zona de exclus\u00e3o a\u00e9rea em seu pa\u00eds. Segundo ele, caso isso n\u00e3o ocorra, \u201c\u00e9 quest\u00e3o de tempo\u201d para membros da organiza\u00e7\u00e3o serem atacados pela R\u00fassia. \u201cNo ano passado, eu deixei bem claro para os l\u00edderes da Otan que eles n\u00e3o fossem duros o [&hellip;]<\/p>\n","protected":false},"author":2,"featured_media":168731,"comment_status":"open","ping_status":"open","sticky":false,"template":"","format":"standard","meta":{"_monsterinsights_skip_tracking":false,"_monsterinsights_sitenote_active":false,"_monsterinsights_sitenote_note":"","_monsterinsights_sitenote_category":0},"categories":[7],"tags":[],"aioseo_notices":[],"_links":{"self":[{"href":"https:\/\/mspontocom.com.br\/site\/wp-json\/wp\/v2\/posts\/168725"}],"collection":[{"href":"https:\/\/mspontocom.com.br\/site\/wp-json\/wp\/v2\/posts"}],"about":[{"href":"https:\/\/mspontocom.com.br\/site\/wp-json\/wp\/v2\/types\/post"}],"author":[{"embeddable":true,"href":"https:\/\/mspontocom.com.br\/site\/wp-json\/wp\/v2\/users\/2"}],"replies":[{"embeddable":true,"href":"https:\/\/mspontocom.com.br\/site\/wp-json\/wp\/v2\/comments?post=168725"}],"version-history":[{"count":2,"href":"https:\/\/mspontocom.com.br\/site\/wp-json\/wp\/v2\/posts\/168725\/revisions"}],"predecessor-version":[{"id":168732,"href":"https:\/\/mspontocom.com.br\/site\/wp-json\/wp\/v2\/posts\/168725\/revisions\/168732"}],"wp:featuredmedia":[{"embeddable":true,"href":"https:\/\/mspontocom.com.br\/site\/wp-json\/wp\/v2\/media\/168731"}],"wp:attachment":[{"href":"https:\/\/mspontocom.com.br\/site\/wp-json\/wp\/v2\/media?parent=168725"}],"wp:term":[{"taxonomy":"category","embeddable":true,"href":"https:\/\/mspontocom.com.br\/site\/wp-json\/wp\/v2\/categories?post=168725"},{"taxonomy":"post_tag","embeddable":true,"href":"https:\/\/mspontocom.com.br\/site\/wp-json\/wp\/v2\/tags?post=168725"}],"curies":[{"name":"wp","href":"https:\/\/api.w.org\/{rel}","templated":true}]}}