{"id":168866,"date":"2022-03-18T07:00:25","date_gmt":"2022-03-18T11:00:25","guid":{"rendered":"https:\/\/mspontocom.com.br\/site\/?p=168866"},"modified":"2022-03-18T07:00:25","modified_gmt":"2022-03-18T11:00:25","slug":"senadora-pede-que-zelensky-fale-ao-congresso-brasileiro","status":"publish","type":"post","link":"https:\/\/mspontocom.com.br\/site\/senadora-pede-que-zelensky-fale-ao-congresso-brasileiro\/","title":{"rendered":"Senadora pede que Zelensky fale ao Congresso brasileiro"},"content":{"rendered":"<p><img loading=\"lazy\" class=\"size-full wp-image-168881\" src=\"https:\/\/mspontocom.com.br\/site\/wp-content\/uploads\/2022\/03\/site-senadora-pede-que-zelensky-fale-ao-congresso-brasileiro-ze.jpeg\" alt=\"\" width=\"800\" height=\"533\" srcset=\"https:\/\/mspontocom.com.br\/site\/wp-content\/uploads\/2022\/03\/site-senadora-pede-que-zelensky-fale-ao-congresso-brasileiro-ze.jpeg 800w, https:\/\/mspontocom.com.br\/site\/wp-content\/uploads\/2022\/03\/site-senadora-pede-que-zelensky-fale-ao-congresso-brasileiro-ze-260x173.jpeg 260w, https:\/\/mspontocom.com.br\/site\/wp-content\/uploads\/2022\/03\/site-senadora-pede-que-zelensky-fale-ao-congresso-brasileiro-ze-768x512.jpeg 768w\" sizes=\"(max-width: 800px) 100vw, 800px\" \/><\/p>\n<p><span style=\"text-align: justify; font-size: 16px;\">A senadora <\/span><strong style=\"text-align: justify; font-size: 16px;\">Eliziane Gama<\/strong><span style=\"text-align: justify; font-size: 16px;\"> (Cidadania-MA) apresentou\u00a0 um requerimento pedindo que o Senado brasileiro convide para uma sess\u00e3o o presidente da Ucr\u00e2nia, <\/span><strong style=\"text-align: justify; font-size: 16px;\">Volodymyr Zelensky.<\/strong><\/p>\n<p style=\"text-align: justify;\">O debate seria para falar sobre a guerra no pa\u00eds do leste europeu.<\/p>\n<p style=\"text-align: justify;\">O movimento da senadora acontece ap\u00f3s Zelensky falar ao parlamentares do Congresso dos EUA e da Alemanha, nos \u00faltimos dias.<\/p>\n<p style=\"text-align: justify;\">&#8220;A participa\u00e7\u00e3o do l\u00edder Volodymyr Zelensky em uma sess\u00e3o do Senado Federal, tal como j\u00e1 ocorreu em outros pa\u00edses democr\u00e1ticos como Estados Unidos e Alemanha, seria um gesto do nosso Senado a favor da paz e tamb\u00e9m de homenagem aos ucranianos que contribuem com o seu trabalho ao progresso do Brasil.&#8221;, afirmou Eliziane.<\/p>\n<p style=\"text-align: justify;\"><strong> Segundo a senadora, no Brasil existem cerca de 600 mil ucranianos, sendo a maioria no estado do Paran\u00e1.<\/strong><\/p>\n","protected":false},"excerpt":{"rendered":"<p>A senadora Eliziane Gama (Cidadania-MA) apresentou\u00a0 um requerimento pedindo que o Senado brasileiro convide para uma sess\u00e3o o presidente da Ucr\u00e2nia, Volodymyr Zelensky. O debate seria para falar sobre a guerra no pa\u00eds do leste europeu. O movimento da senadora acontece ap\u00f3s Zelensky falar ao parlamentares do Congresso dos EUA e da Alemanha, nos \u00faltimos [&hellip;]<\/p>\n","protected":false},"author":2,"featured_media":168881,"comment_status":"open","ping_status":"open","sticky":false,"template":"","format":"standard","meta":{"_monsterinsights_skip_tracking":false,"_monsterinsights_sitenote_active":false,"_monsterinsights_sitenote_note":"","_monsterinsights_sitenote_category":0},"categories":[7],"tags":[],"aioseo_notices":[],"_links":{"self":[{"href":"https:\/\/mspontocom.com.br\/site\/wp-json\/wp\/v2\/posts\/168866"}],"collection":[{"href":"https:\/\/mspontocom.com.br\/site\/wp-json\/wp\/v2\/posts"}],"about":[{"href":"https:\/\/mspontocom.com.br\/site\/wp-json\/wp\/v2\/types\/post"}],"author":[{"embeddable":true,"href":"https:\/\/mspontocom.com.br\/site\/wp-json\/wp\/v2\/users\/2"}],"replies":[{"embeddable":true,"href":"https:\/\/mspontocom.com.br\/site\/wp-json\/wp\/v2\/comments?post=168866"}],"version-history":[{"count":2,"href":"https:\/\/mspontocom.com.br\/site\/wp-json\/wp\/v2\/posts\/168866\/revisions"}],"predecessor-version":[{"id":168882,"href":"https:\/\/mspontocom.com.br\/site\/wp-json\/wp\/v2\/posts\/168866\/revisions\/168882"}],"wp:featuredmedia":[{"embeddable":true,"href":"https:\/\/mspontocom.com.br\/site\/wp-json\/wp\/v2\/media\/168881"}],"wp:attachment":[{"href":"https:\/\/mspontocom.com.br\/site\/wp-json\/wp\/v2\/media?parent=168866"}],"wp:term":[{"taxonomy":"category","embeddable":true,"href":"https:\/\/mspontocom.com.br\/site\/wp-json\/wp\/v2\/categories?post=168866"},{"taxonomy":"post_tag","embeddable":true,"href":"https:\/\/mspontocom.com.br\/site\/wp-json\/wp\/v2\/tags?post=168866"}],"curies":[{"name":"wp","href":"https:\/\/api.w.org\/{rel}","templated":true}]}}