{"id":168949,"date":"2022-03-21T05:50:28","date_gmt":"2022-03-21T09:50:28","guid":{"rendered":"https:\/\/mspontocom.com.br\/site\/?p=168949"},"modified":"2022-03-21T09:13:02","modified_gmt":"2022-03-21T13:13:02","slug":"falha-em-negociacoes-trara-3a-guerra-mundial-diz-zelensky","status":"publish","type":"post","link":"https:\/\/mspontocom.com.br\/site\/falha-em-negociacoes-trara-3a-guerra-mundial-diz-zelensky\/","title":{"rendered":"Falha em negocia\u00e7\u00f5es trar\u00e1 \u201c3\u00aa Guerra Mundial\u201d, diz Zelensky"},"content":{"rendered":"<div id=\"attachment_168953\" style=\"width: 736px\" class=\"wp-caption alignnone\"><img aria-describedby=\"caption-attachment-168953\" loading=\"lazy\" class=\"size-full wp-image-168953\" src=\"https:\/\/mspontocom.com.br\/site\/wp-content\/uploads\/2022\/03\/site-falha-em-negociacoes-trara-3a-guerra-mundial-diz-zelensky-ze-e1647856580799.jpeg\" alt=\"\" width=\"726\" height=\"473\" srcset=\"https:\/\/mspontocom.com.br\/site\/wp-content\/uploads\/2022\/03\/site-falha-em-negociacoes-trara-3a-guerra-mundial-diz-zelensky-ze-e1647856580799.jpeg 726w, https:\/\/mspontocom.com.br\/site\/wp-content\/uploads\/2022\/03\/site-falha-em-negociacoes-trara-3a-guerra-mundial-diz-zelensky-ze-e1647856580799-260x169.jpeg 260w\" sizes=\"(max-width: 726px) 100vw, 726px\" \/><p id=\"caption-attachment-168953\" class=\"wp-caption-text\"><span style=\"text-align: justify; font-size: 16px;\">Qualquer tentativa de negocia\u00e7\u00e3o com a R\u00fassia significar\u00e1 que o conflito atual trar\u00e1<\/span><strong style=\"text-align: justify; font-size: 16px;\"> \u201cuma 3\u00aa Guerra Mundial\u201d.\u00a0<\/strong><\/p><\/div>\n<p style=\"text-align: justify;\">Em entrevista exclusiva \u00e0 CNN norte-americana, o l\u00edder ucraniano voltou a afirmar que est\u00e1 pronto para conversar com <strong>Vladimir Putin. <\/strong><\/p>\n<p style=\"text-align: justify;\">Afirmou que, embora as for\u00e7as da <strong>Ucr\u00e2nia<\/strong> mostre ter capacidade de se defender contra a <strong>R\u00fassia<\/strong>, a \u201cdignidade\u201d do pa\u00eds \u201cn\u00e3o vai preservar vidas\u201d.<\/p>\n<p style=\"text-align: justify;\">\u201cAs for\u00e7as russas vieram para nos exterminar, para nos matar. Demonstramos a dignidade de nosso povo e de nosso ex\u00e9rcito. Somos capazes de desferir um golpe poderoso, de revidar. Mas, infelizmente, nossa dignidade n\u00e3o vai preservar suas vidas&#8221;. afirmou<strong> Zelensky.<\/strong><\/p>\n","protected":false},"excerpt":{"rendered":"<p>Em entrevista exclusiva \u00e0 CNN norte-americana, o l\u00edder ucraniano voltou a afirmar que est\u00e1 pronto para conversar com Vladimir Putin. Afirmou que, embora as for\u00e7as da Ucr\u00e2nia mostre ter capacidade de se defender contra a R\u00fassia, a \u201cdignidade\u201d do pa\u00eds \u201cn\u00e3o vai preservar vidas\u201d. \u201cAs for\u00e7as russas vieram para nos exterminar, para nos matar. Demonstramos [&hellip;]<\/p>\n","protected":false},"author":2,"featured_media":168953,"comment_status":"open","ping_status":"open","sticky":false,"template":"","format":"standard","meta":{"_monsterinsights_skip_tracking":false,"_monsterinsights_sitenote_active":false,"_monsterinsights_sitenote_note":"","_monsterinsights_sitenote_category":0},"categories":[7],"tags":[],"aioseo_notices":[],"_links":{"self":[{"href":"https:\/\/mspontocom.com.br\/site\/wp-json\/wp\/v2\/posts\/168949"}],"collection":[{"href":"https:\/\/mspontocom.com.br\/site\/wp-json\/wp\/v2\/posts"}],"about":[{"href":"https:\/\/mspontocom.com.br\/site\/wp-json\/wp\/v2\/types\/post"}],"author":[{"embeddable":true,"href":"https:\/\/mspontocom.com.br\/site\/wp-json\/wp\/v2\/users\/2"}],"replies":[{"embeddable":true,"href":"https:\/\/mspontocom.com.br\/site\/wp-json\/wp\/v2\/comments?post=168949"}],"version-history":[{"count":2,"href":"https:\/\/mspontocom.com.br\/site\/wp-json\/wp\/v2\/posts\/168949\/revisions"}],"predecessor-version":[{"id":168954,"href":"https:\/\/mspontocom.com.br\/site\/wp-json\/wp\/v2\/posts\/168949\/revisions\/168954"}],"wp:featuredmedia":[{"embeddable":true,"href":"https:\/\/mspontocom.com.br\/site\/wp-json\/wp\/v2\/media\/168953"}],"wp:attachment":[{"href":"https:\/\/mspontocom.com.br\/site\/wp-json\/wp\/v2\/media?parent=168949"}],"wp:term":[{"taxonomy":"category","embeddable":true,"href":"https:\/\/mspontocom.com.br\/site\/wp-json\/wp\/v2\/categories?post=168949"},{"taxonomy":"post_tag","embeddable":true,"href":"https:\/\/mspontocom.com.br\/site\/wp-json\/wp\/v2\/tags?post=168949"}],"curies":[{"name":"wp","href":"https:\/\/api.w.org\/{rel}","templated":true}]}}