{"id":168993,"date":"2022-03-22T06:45:37","date_gmt":"2022-03-22T10:45:37","guid":{"rendered":"https:\/\/mspontocom.com.br\/site\/?p=168993"},"modified":"2022-03-22T05:45:40","modified_gmt":"2022-03-22T09:45:40","slug":"no-telegram-zelensky-salta-de-53-mil-para-15-milhao-de-seguidores","status":"publish","type":"post","link":"https:\/\/mspontocom.com.br\/site\/no-telegram-zelensky-salta-de-53-mil-para-15-milhao-de-seguidores\/","title":{"rendered":"No Telegram, Zelensky salta de 53 mil para 1,5 milh\u00e3o de seguidores"},"content":{"rendered":"<p style=\"text-align: justify;\"><img loading=\"lazy\" class=\"alignnone size-full wp-image-169011\" src=\"https:\/\/mspontocom.com.br\/site\/wp-content\/uploads\/2022\/03\/site-no-telegram-zelensky-salta-de-53-mil-para-15-milhao-de-seguidores-ze1.jpg\" alt=\"\" width=\"500\" height=\"261\" srcset=\"https:\/\/mspontocom.com.br\/site\/wp-content\/uploads\/2022\/03\/site-no-telegram-zelensky-salta-de-53-mil-para-15-milhao-de-seguidores-ze1.jpg 500w, https:\/\/mspontocom.com.br\/site\/wp-content\/uploads\/2022\/03\/site-no-telegram-zelensky-salta-de-53-mil-para-15-milhao-de-seguidores-ze1-260x136.jpg 260w\" sizes=\"(max-width: 500px) 100vw, 500px\" \/><\/p>\n<p style=\"text-align: justify;\">O presidente da Ucr\u00e2nia, <strong>Volodymyr Zelensky,<\/strong> passou a ser o pol\u00edtico de maior n\u00famero de seguidores no <strong>Telegram,<\/strong> aplicativo de origem russa, depois de ter seu pa\u00eds invadido pela R\u00fassia, no dia 24 de fevereiro.<\/p>\n<p style=\"text-align: justify;\">Zelensky, que costuma divulgar seus pronunciamentos pela plataforma, saltou dos 53 mil seguidores que tinha at\u00e9 meados de fevereiro para 1,5 milh\u00e3o de inscritos em seu canal.<\/p>\n<p style=\"text-align: justify;\"><strong>Jair Bolsonaro<\/strong>, que\u00a0<a href=\"https:\/\/oantagonista.uol.com.br\/brasil\/bolsonaro-ganha-135-mil-seguidores-apos-suspensao-do-telegram\/\">viu seu n\u00famero de seguidores crescer depois que Alexandre de Moraes ordenou o bloqueio do Telegram<\/a>\u00a0\u2014medida depois revogada\u2014, \u00e9 o terceiro colocado, com cerca de 1,2 milh\u00e3o de seguidores.<\/p>\n<p>&nbsp;<\/p>\n<p>fonte: O Antagonista<\/p>\n","protected":false},"excerpt":{"rendered":"<p>O presidente da Ucr\u00e2nia, Volodymyr Zelensky, passou a ser o pol\u00edtico de maior n\u00famero de seguidores no Telegram, aplicativo de origem russa, depois de ter seu pa\u00eds invadido pela R\u00fassia, no dia 24 de fevereiro. Zelensky, que costuma divulgar seus pronunciamentos pela plataforma, saltou dos 53 mil seguidores que tinha at\u00e9 meados de fevereiro para [&hellip;]<\/p>\n","protected":false},"author":2,"featured_media":169011,"comment_status":"open","ping_status":"open","sticky":false,"template":"","format":"standard","meta":{"_monsterinsights_skip_tracking":false,"_monsterinsights_sitenote_active":false,"_monsterinsights_sitenote_note":"","_monsterinsights_sitenote_category":0},"categories":[7],"tags":[],"aioseo_notices":[],"_links":{"self":[{"href":"https:\/\/mspontocom.com.br\/site\/wp-json\/wp\/v2\/posts\/168993"}],"collection":[{"href":"https:\/\/mspontocom.com.br\/site\/wp-json\/wp\/v2\/posts"}],"about":[{"href":"https:\/\/mspontocom.com.br\/site\/wp-json\/wp\/v2\/types\/post"}],"author":[{"embeddable":true,"href":"https:\/\/mspontocom.com.br\/site\/wp-json\/wp\/v2\/users\/2"}],"replies":[{"embeddable":true,"href":"https:\/\/mspontocom.com.br\/site\/wp-json\/wp\/v2\/comments?post=168993"}],"version-history":[{"count":2,"href":"https:\/\/mspontocom.com.br\/site\/wp-json\/wp\/v2\/posts\/168993\/revisions"}],"predecessor-version":[{"id":169012,"href":"https:\/\/mspontocom.com.br\/site\/wp-json\/wp\/v2\/posts\/168993\/revisions\/169012"}],"wp:featuredmedia":[{"embeddable":true,"href":"https:\/\/mspontocom.com.br\/site\/wp-json\/wp\/v2\/media\/169011"}],"wp:attachment":[{"href":"https:\/\/mspontocom.com.br\/site\/wp-json\/wp\/v2\/media?parent=168993"}],"wp:term":[{"taxonomy":"category","embeddable":true,"href":"https:\/\/mspontocom.com.br\/site\/wp-json\/wp\/v2\/categories?post=168993"},{"taxonomy":"post_tag","embeddable":true,"href":"https:\/\/mspontocom.com.br\/site\/wp-json\/wp\/v2\/tags?post=168993"}],"curies":[{"name":"wp","href":"https:\/\/api.w.org\/{rel}","templated":true}]}}