{"id":168997,"date":"2022-03-22T06:00:41","date_gmt":"2022-03-22T10:00:41","guid":{"rendered":"https:\/\/mspontocom.com.br\/site\/?p=168997"},"modified":"2022-03-22T05:26:28","modified_gmt":"2022-03-22T09:26:28","slug":"oscar-2022-veta-participacao-de-zelensky-presidente-da-ucrania","status":"publish","type":"post","link":"https:\/\/mspontocom.com.br\/site\/oscar-2022-veta-participacao-de-zelensky-presidente-da-ucrania\/","title":{"rendered":"Oscar 2022 veta participa\u00e7\u00e3o de Zelensky, presidente da Ucr\u00e2nia"},"content":{"rendered":"<p style=\"text-align: justify;\"><img loading=\"lazy\" class=\"alignnone size-full wp-image-169005\" src=\"https:\/\/mspontocom.com.br\/site\/wp-content\/uploads\/2022\/03\/site-oscar-2022-veta-participacao-de-zelensky-presidente-da-ucrania-oscar1.jpg\" alt=\"\" width=\"315\" height=\"160\" srcset=\"https:\/\/mspontocom.com.br\/site\/wp-content\/uploads\/2022\/03\/site-oscar-2022-veta-participacao-de-zelensky-presidente-da-ucrania-oscar1.jpg 315w, https:\/\/mspontocom.com.br\/site\/wp-content\/uploads\/2022\/03\/site-oscar-2022-veta-participacao-de-zelensky-presidente-da-ucrania-oscar1-260x132.jpg 260w\" sizes=\"(max-width: 315px) 100vw, 315px\" \/><\/p>\n<p style=\"text-align: justify;\">A cerim\u00f4nia do<strong> Oscar\u00a0de 2022<\/strong> n\u00e3o contar\u00e1 com a participa\u00e7\u00e3o do presidente da Ucr\u00e2nia,\u00a0<a href=\"https:\/\/jovempan.com.br\/tag\/volodymyr-zelensky\"><strong>Volodymyr Zelensky<\/strong><\/a>.<\/p>\n<p style=\"text-align: justify;\">A sugest\u00e3o de convidar o pol\u00edtico havia sido feita por <strong>Amy Schumer<\/strong>, que far\u00e1 a apresenta\u00e7\u00e3o do evento neste ano,\u00a0 mas a ideia foi recha\u00e7ada pela organiza\u00e7\u00e3o.<\/p>\n<p style=\"text-align: justify;\">A Academia ainda n\u00e3o se posicionou oficialmente sobre o assunto, mas a cerimonialista informou o ocorrido em uma entrevista ao \u201cThe Drew Barrymore Show\u201d.<\/p>\n<p style=\"text-align: justify;\">\u201cQueria encontrar uma maneira de trazer o Zelensky via sat\u00e9lite ou numa grava\u00e7\u00e3o. Temos muitos olhos voltados para o Oscar. N\u00e3o tenho medo de seguir este caminho, mas n\u00e3o sou eu quem produzo o Oscar\u201d, informou.<\/p>\n<p style=\"text-align: justify;\">Amy afirmou que os organizadores entendem que a cerim\u00f4nia assemelham-se \u00e0s f\u00e9rias, j\u00e1 que as pessoas \u201cquerem esquecer tudo e aproveitar a noite\u201d.<\/p>\n","protected":false},"excerpt":{"rendered":"<p>A cerim\u00f4nia do Oscar\u00a0de 2022 n\u00e3o contar\u00e1 com a participa\u00e7\u00e3o do presidente da Ucr\u00e2nia,\u00a0Volodymyr Zelensky. A sugest\u00e3o de convidar o pol\u00edtico havia sido feita por Amy Schumer, que far\u00e1 a apresenta\u00e7\u00e3o do evento neste ano,\u00a0 mas a ideia foi recha\u00e7ada pela organiza\u00e7\u00e3o. A Academia ainda n\u00e3o se posicionou oficialmente sobre o assunto, mas a cerimonialista [&hellip;]<\/p>\n","protected":false},"author":2,"featured_media":169005,"comment_status":"open","ping_status":"open","sticky":false,"template":"","format":"standard","meta":{"_monsterinsights_skip_tracking":false,"_monsterinsights_sitenote_active":false,"_monsterinsights_sitenote_note":"","_monsterinsights_sitenote_category":0},"categories":[7],"tags":[],"aioseo_notices":[],"_links":{"self":[{"href":"https:\/\/mspontocom.com.br\/site\/wp-json\/wp\/v2\/posts\/168997"}],"collection":[{"href":"https:\/\/mspontocom.com.br\/site\/wp-json\/wp\/v2\/posts"}],"about":[{"href":"https:\/\/mspontocom.com.br\/site\/wp-json\/wp\/v2\/types\/post"}],"author":[{"embeddable":true,"href":"https:\/\/mspontocom.com.br\/site\/wp-json\/wp\/v2\/users\/2"}],"replies":[{"embeddable":true,"href":"https:\/\/mspontocom.com.br\/site\/wp-json\/wp\/v2\/comments?post=168997"}],"version-history":[{"count":2,"href":"https:\/\/mspontocom.com.br\/site\/wp-json\/wp\/v2\/posts\/168997\/revisions"}],"predecessor-version":[{"id":169006,"href":"https:\/\/mspontocom.com.br\/site\/wp-json\/wp\/v2\/posts\/168997\/revisions\/169006"}],"wp:featuredmedia":[{"embeddable":true,"href":"https:\/\/mspontocom.com.br\/site\/wp-json\/wp\/v2\/media\/169005"}],"wp:attachment":[{"href":"https:\/\/mspontocom.com.br\/site\/wp-json\/wp\/v2\/media?parent=168997"}],"wp:term":[{"taxonomy":"category","embeddable":true,"href":"https:\/\/mspontocom.com.br\/site\/wp-json\/wp\/v2\/categories?post=168997"},{"taxonomy":"post_tag","embeddable":true,"href":"https:\/\/mspontocom.com.br\/site\/wp-json\/wp\/v2\/tags?post=168997"}],"curies":[{"name":"wp","href":"https:\/\/api.w.org\/{rel}","templated":true}]}}