{"id":169038,"date":"2022-03-23T04:38:56","date_gmt":"2022-03-23T08:38:56","guid":{"rendered":"https:\/\/mspontocom.com.br\/site\/?p=169038"},"modified":"2022-03-23T09:44:17","modified_gmt":"2022-03-23T13:44:17","slug":"ucrania-retoma-cidade-estrategica-e-prepara-contra-ataque","status":"publish","type":"post","link":"https:\/\/mspontocom.com.br\/site\/ucrania-retoma-cidade-estrategica-e-prepara-contra-ataque\/","title":{"rendered":"Ucr\u00e2nia retoma cidade estrat\u00e9gica e prepara contra-ataque"},"content":{"rendered":"<div id=\"attachment_169040\" style=\"width: 810px\" class=\"wp-caption alignnone\"><img aria-describedby=\"caption-attachment-169040\" loading=\"lazy\" class=\"size-full wp-image-169040\" src=\"https:\/\/mspontocom.com.br\/site\/wp-content\/uploads\/2022\/03\/site-ucrania-retoma-cidade-estrategica-e-prepara-contra-ataque-ze.jpeg\" alt=\"\" width=\"800\" height=\"533\" srcset=\"https:\/\/mspontocom.com.br\/site\/wp-content\/uploads\/2022\/03\/site-ucrania-retoma-cidade-estrategica-e-prepara-contra-ataque-ze.jpeg 800w, https:\/\/mspontocom.com.br\/site\/wp-content\/uploads\/2022\/03\/site-ucrania-retoma-cidade-estrategica-e-prepara-contra-ataque-ze-260x173.jpeg 260w, https:\/\/mspontocom.com.br\/site\/wp-content\/uploads\/2022\/03\/site-ucrania-retoma-cidade-estrategica-e-prepara-contra-ataque-ze-768x512.jpeg 768w\" sizes=\"(max-width: 800px) 100vw, 800px\" \/><p id=\"caption-attachment-169040\" class=\"wp-caption-text\"><span style=\"text-align: justify; font-size: 16px;\">No 27\u00ba dia da\u00a0 invas\u00e3o da <\/span><strong style=\"text-align: justify; font-size: 16px;\">R\u00fassia<\/strong><span style=\"text-align: justify; font-size: 16px;\"> \u00a0\u00e0<\/span><strong style=\"text-align: justify; font-size: 16px;\"> Ucr\u00e3nia<\/strong><span style=\"text-align: justify; font-size: 16px;\">, a situa\u00e7\u00e3o parece estar a favor dos defensores.<\/span><\/p><\/div>\n<p style=\"text-align: justify;\">Os militares ucranianos anunciaram terem retomado a cidade de Makariv, importante sub\u00farbio de <strong>Kiev<\/strong>, que fica a 60 quil\u00f4metros da capital, o que significa ter o controle de uma estrada para abastecimento e reduzir o cerco \u00e0 capital.<\/p>\n<p style=\"text-align: justify;\">Al\u00e9m disso, os militares ucranianos tamb\u00e9m planejam um <strong>contra-ataque,<\/strong> para retomar mais territ\u00f3rios ao redor de Kiev e no sul do pa\u00eds, principal regi\u00e3o sob ataque russo.<\/p>\n<p style=\"text-align: justify;\">A inten\u00e7\u00e3o \u00e9 de voltar a dominar cidades como Kherson.<\/p>\n<p style=\"text-align: justify;\">As informa\u00e7\u00f5es s\u00e3o corroboradas pelo <strong>Pent\u00e1gono<\/strong>, o Comando Militar dos Estados Unidos.<\/p>\n<p style=\"text-align: justify;\">O Pent\u00e1gono ainda afirmou que as tropas russas tem tido problemas de abastecimento.<\/p>\n<p style=\"text-align: justify;\">\u201cEst\u00e3o ficando sem combust\u00edvel. Est\u00e3o ficando sem alimentos. N\u00e3o est\u00e3o integrando suas opera\u00e7\u00f5es de maneira conjunta como pensaria fazer um ex\u00e9rcito moderno\u201d, pontuou.<\/p>\n<p style=\"text-align: justify;\">\n","protected":false},"excerpt":{"rendered":"<p>Os militares ucranianos anunciaram terem retomado a cidade de Makariv, importante sub\u00farbio de Kiev, que fica a 60 quil\u00f4metros da capital, o que significa ter o controle de uma estrada para abastecimento e reduzir o cerco \u00e0 capital. Al\u00e9m disso, os militares ucranianos tamb\u00e9m planejam um contra-ataque, para retomar mais territ\u00f3rios ao redor de Kiev [&hellip;]<\/p>\n","protected":false},"author":2,"featured_media":169040,"comment_status":"open","ping_status":"open","sticky":false,"template":"","format":"standard","meta":{"_monsterinsights_skip_tracking":false,"_monsterinsights_sitenote_active":false,"_monsterinsights_sitenote_note":"","_monsterinsights_sitenote_category":0},"categories":[7],"tags":[],"aioseo_notices":[],"_links":{"self":[{"href":"https:\/\/mspontocom.com.br\/site\/wp-json\/wp\/v2\/posts\/169038"}],"collection":[{"href":"https:\/\/mspontocom.com.br\/site\/wp-json\/wp\/v2\/posts"}],"about":[{"href":"https:\/\/mspontocom.com.br\/site\/wp-json\/wp\/v2\/types\/post"}],"author":[{"embeddable":true,"href":"https:\/\/mspontocom.com.br\/site\/wp-json\/wp\/v2\/users\/2"}],"replies":[{"embeddable":true,"href":"https:\/\/mspontocom.com.br\/site\/wp-json\/wp\/v2\/comments?post=169038"}],"version-history":[{"count":2,"href":"https:\/\/mspontocom.com.br\/site\/wp-json\/wp\/v2\/posts\/169038\/revisions"}],"predecessor-version":[{"id":169041,"href":"https:\/\/mspontocom.com.br\/site\/wp-json\/wp\/v2\/posts\/169038\/revisions\/169041"}],"wp:featuredmedia":[{"embeddable":true,"href":"https:\/\/mspontocom.com.br\/site\/wp-json\/wp\/v2\/media\/169040"}],"wp:attachment":[{"href":"https:\/\/mspontocom.com.br\/site\/wp-json\/wp\/v2\/media?parent=169038"}],"wp:term":[{"taxonomy":"category","embeddable":true,"href":"https:\/\/mspontocom.com.br\/site\/wp-json\/wp\/v2\/categories?post=169038"},{"taxonomy":"post_tag","embeddable":true,"href":"https:\/\/mspontocom.com.br\/site\/wp-json\/wp\/v2\/tags?post=169038"}],"curies":[{"name":"wp","href":"https:\/\/api.w.org\/{rel}","templated":true}]}}