{"id":169083,"date":"2022-03-24T07:00:52","date_gmt":"2022-03-24T11:00:52","guid":{"rendered":"https:\/\/mspontocom.com.br\/site\/?p=169083"},"modified":"2022-03-24T06:00:19","modified_gmt":"2022-03-24T10:00:19","slug":"mourao-sobre-lula-e-alckmin-um-chamava-o-outro-de-ladrao","status":"publish","type":"post","link":"https:\/\/mspontocom.com.br\/site\/mourao-sobre-lula-e-alckmin-um-chamava-o-outro-de-ladrao\/","title":{"rendered":"Mour\u00e3o, sobre Lula e Alckmin: \u2018Um chamava o outro de ladr\u00e3o\u2019"},"content":{"rendered":"<p style=\"text-align: justify;\"><img loading=\"lazy\" class=\"alignnone size-full wp-image-169099\" src=\"https:\/\/mspontocom.com.br\/site\/wp-content\/uploads\/2022\/03\/site-mourao-sobre-lula-e-alckmin-um-chamava-o-outro-de-ladrao-alc-e1648115931738.jpg\" alt=\"\" width=\"754\" height=\"455\" srcset=\"https:\/\/mspontocom.com.br\/site\/wp-content\/uploads\/2022\/03\/site-mourao-sobre-lula-e-alckmin-um-chamava-o-outro-de-ladrao-alc-e1648115931738.jpg 754w, https:\/\/mspontocom.com.br\/site\/wp-content\/uploads\/2022\/03\/site-mourao-sobre-lula-e-alckmin-um-chamava-o-outro-de-ladrao-alc-e1648115931738-260x157.jpg 260w\" sizes=\"(max-width: 754px) 100vw, 754px\" \/><\/p>\n<p style=\"text-align: justify;\">O vice-presidente <strong>Hamilton Mour\u00e3o<\/strong>\u00a0criticou nesta quarta-feira a possiblidade de o ex-governador de S\u00e3o Paulo <strong>Geraldo Alckmin<\/strong> ser vice do ex-presidente <strong>Lula (PT)<\/strong> na corrida pelo Pal\u00e1cio do Planalto.<\/p>\n<p style=\"text-align: justify;\">Em conversa com jornalistas na chegada ao Pal\u00e1cio do Planalto, ele disse que <strong>\u201cum chamava o outro de ladr\u00e3o e agora v\u00e3o ficar abra\u00e7ados\u201d. <\/strong><\/p>\n<p style=\"text-align: justify;\">O ex-tucano se filiou ao PSB e abriu caminho para disputar com o petista.<\/p>\n<p style=\"text-align: justify;\">\u201cQuem conhece a trajet\u00f3ria do Alckmin acha estranha essa mudan\u00e7a de comportamento dele. Se \u00e9 para ele e concorrer junto com o Lula, \u00e9 algo mais estranho ainda, porque um chamava o outro de ladr\u00e3o e agora v\u00e3o ficar abra\u00e7ados\u201d, disse.<\/p>\n","protected":false},"excerpt":{"rendered":"<p>O vice-presidente Hamilton Mour\u00e3o\u00a0criticou nesta quarta-feira a possiblidade de o ex-governador de S\u00e3o Paulo Geraldo Alckmin ser vice do ex-presidente Lula (PT) na corrida pelo Pal\u00e1cio do Planalto. Em conversa com jornalistas na chegada ao Pal\u00e1cio do Planalto, ele disse que \u201cum chamava o outro de ladr\u00e3o e agora v\u00e3o ficar abra\u00e7ados\u201d. O ex-tucano se [&hellip;]<\/p>\n","protected":false},"author":2,"featured_media":169099,"comment_status":"open","ping_status":"open","sticky":false,"template":"","format":"standard","meta":{"_monsterinsights_skip_tracking":false,"_monsterinsights_sitenote_active":false,"_monsterinsights_sitenote_note":"","_monsterinsights_sitenote_category":0},"categories":[30260,30259,12],"tags":[],"aioseo_notices":[],"_links":{"self":[{"href":"https:\/\/mspontocom.com.br\/site\/wp-json\/wp\/v2\/posts\/169083"}],"collection":[{"href":"https:\/\/mspontocom.com.br\/site\/wp-json\/wp\/v2\/posts"}],"about":[{"href":"https:\/\/mspontocom.com.br\/site\/wp-json\/wp\/v2\/types\/post"}],"author":[{"embeddable":true,"href":"https:\/\/mspontocom.com.br\/site\/wp-json\/wp\/v2\/users\/2"}],"replies":[{"embeddable":true,"href":"https:\/\/mspontocom.com.br\/site\/wp-json\/wp\/v2\/comments?post=169083"}],"version-history":[{"count":2,"href":"https:\/\/mspontocom.com.br\/site\/wp-json\/wp\/v2\/posts\/169083\/revisions"}],"predecessor-version":[{"id":169100,"href":"https:\/\/mspontocom.com.br\/site\/wp-json\/wp\/v2\/posts\/169083\/revisions\/169100"}],"wp:featuredmedia":[{"embeddable":true,"href":"https:\/\/mspontocom.com.br\/site\/wp-json\/wp\/v2\/media\/169099"}],"wp:attachment":[{"href":"https:\/\/mspontocom.com.br\/site\/wp-json\/wp\/v2\/media?parent=169083"}],"wp:term":[{"taxonomy":"category","embeddable":true,"href":"https:\/\/mspontocom.com.br\/site\/wp-json\/wp\/v2\/categories?post=169083"},{"taxonomy":"post_tag","embeddable":true,"href":"https:\/\/mspontocom.com.br\/site\/wp-json\/wp\/v2\/tags?post=169083"}],"curies":[{"name":"wp","href":"https:\/\/api.w.org\/{rel}","templated":true}]}}