{"id":169089,"date":"2022-03-24T08:23:11","date_gmt":"2022-03-24T12:23:11","guid":{"rendered":"https:\/\/mspontocom.com.br\/site\/?p=169089"},"modified":"2022-03-24T06:21:27","modified_gmt":"2022-03-24T10:21:27","slug":"bancada-evangelica-reafirma-apoio-ao-governo-apos-crise-no-mec","status":"publish","type":"post","link":"https:\/\/mspontocom.com.br\/site\/bancada-evangelica-reafirma-apoio-ao-governo-apos-crise-no-mec\/","title":{"rendered":"Bancada evang\u00e9lica reafirma apoio ao governo ap\u00f3s crise no MEC"},"content":{"rendered":"<p class=\"first-paragraph\" style=\"text-align: justify;\"><img loading=\"lazy\" class=\"alignnone size-full wp-image-169103\" src=\"https:\/\/mspontocom.com.br\/site\/wp-content\/uploads\/2022\/03\/site-bancada-evangelica-reafirma-apoio-ao-governo-apos-crise-no-mec-bolsonaro-vacina-e1648117129263.jpg\" alt=\"\" width=\"764\" height=\"416\" srcset=\"https:\/\/mspontocom.com.br\/site\/wp-content\/uploads\/2022\/03\/site-bancada-evangelica-reafirma-apoio-ao-governo-apos-crise-no-mec-bolsonaro-vacina-e1648117129263.jpg 764w, https:\/\/mspontocom.com.br\/site\/wp-content\/uploads\/2022\/03\/site-bancada-evangelica-reafirma-apoio-ao-governo-apos-crise-no-mec-bolsonaro-vacina-e1648117129263-260x142.jpg 260w\" sizes=\"(max-width: 764px) 100vw, 764px\" \/><\/p>\n<p class=\"first-paragraph\" style=\"text-align: justify;\">Em coletiva de imprensa, o deputado <strong>S\u00f3stenes Cavalcante<\/strong> (Uni\u00e3o-RJ), l\u00edder da <strong>Frente Parlamentar Evang\u00e9lica<\/strong>, declarou que as den\u00fancias envolvendo o ministro da educa\u00e7\u00e3o<strong> Milton Ribeiro<\/strong> n\u00e3o s\u00e3o motiva\u00e7\u00e3o para um eventual rompimento da bancada com o governo.<\/p>\n<p style=\"text-align: justify;\">Segundo o deputado, <strong>a bancada possui alinhamento ideol\u00f3gico com Bolsonaro<\/strong>, n\u00e3o havendo\u00a0 uma justificativa de ruptura.<\/p>\n<p style=\"text-align: justify;\">\u201cO alinhamento de governo com o parlamento passa muito mais com partidos do que com bancadas. Em todos os temas ideol\u00f3gicos, o presidente Jair Bolsonaro sempre teve e ter\u00e1 [apoio], porque nos une em 90% das pautas. N\u00e3o haver\u00e1 momentos ou circunst\u00e2ncias transit\u00f3rias que nos separem\u201d, declarou.<\/p>\n<p style=\"text-align: justify;\">S\u00f3stenes Cavalcante considera Milton Ribeiro inocente at\u00e9 que se prove judicialmente o contr\u00e1rio.<\/p>\n<p style=\"text-align: justify;\">\n","protected":false},"excerpt":{"rendered":"<p>Em coletiva de imprensa, o deputado S\u00f3stenes Cavalcante (Uni\u00e3o-RJ), l\u00edder da Frente Parlamentar Evang\u00e9lica, declarou que as den\u00fancias envolvendo o ministro da educa\u00e7\u00e3o Milton Ribeiro n\u00e3o s\u00e3o motiva\u00e7\u00e3o para um eventual rompimento da bancada com o governo. Segundo o deputado, a bancada possui alinhamento ideol\u00f3gico com Bolsonaro, n\u00e3o havendo\u00a0 uma justificativa de ruptura. \u201cO alinhamento [&hellip;]<\/p>\n","protected":false},"author":2,"featured_media":169103,"comment_status":"open","ping_status":"open","sticky":false,"template":"","format":"standard","meta":{"_monsterinsights_skip_tracking":false,"_monsterinsights_sitenote_active":false,"_monsterinsights_sitenote_note":"","_monsterinsights_sitenote_category":0},"categories":[6,30260,30259,12],"tags":[],"aioseo_notices":[],"_links":{"self":[{"href":"https:\/\/mspontocom.com.br\/site\/wp-json\/wp\/v2\/posts\/169089"}],"collection":[{"href":"https:\/\/mspontocom.com.br\/site\/wp-json\/wp\/v2\/posts"}],"about":[{"href":"https:\/\/mspontocom.com.br\/site\/wp-json\/wp\/v2\/types\/post"}],"author":[{"embeddable":true,"href":"https:\/\/mspontocom.com.br\/site\/wp-json\/wp\/v2\/users\/2"}],"replies":[{"embeddable":true,"href":"https:\/\/mspontocom.com.br\/site\/wp-json\/wp\/v2\/comments?post=169089"}],"version-history":[{"count":2,"href":"https:\/\/mspontocom.com.br\/site\/wp-json\/wp\/v2\/posts\/169089\/revisions"}],"predecessor-version":[{"id":169104,"href":"https:\/\/mspontocom.com.br\/site\/wp-json\/wp\/v2\/posts\/169089\/revisions\/169104"}],"wp:featuredmedia":[{"embeddable":true,"href":"https:\/\/mspontocom.com.br\/site\/wp-json\/wp\/v2\/media\/169103"}],"wp:attachment":[{"href":"https:\/\/mspontocom.com.br\/site\/wp-json\/wp\/v2\/media?parent=169089"}],"wp:term":[{"taxonomy":"category","embeddable":true,"href":"https:\/\/mspontocom.com.br\/site\/wp-json\/wp\/v2\/categories?post=169089"},{"taxonomy":"post_tag","embeddable":true,"href":"https:\/\/mspontocom.com.br\/site\/wp-json\/wp\/v2\/tags?post=169089"}],"curies":[{"name":"wp","href":"https:\/\/api.w.org\/{rel}","templated":true}]}}