{"id":169121,"date":"2022-03-25T06:37:34","date_gmt":"2022-03-25T10:37:34","guid":{"rendered":"https:\/\/mspontocom.com.br\/site\/?p=169121"},"modified":"2022-03-25T06:24:18","modified_gmt":"2022-03-25T10:24:18","slug":"guerra-da-ucrania-estados-unidos-pede-exclusao-da-russia-do-g20","status":"publish","type":"post","link":"https:\/\/mspontocom.com.br\/site\/guerra-da-ucrania-estados-unidos-pede-exclusao-da-russia-do-g20\/","title":{"rendered":"Guerra da Ucr\u00e2nia: Estados Unidos pede exclus\u00e3o da R\u00fassia do G20"},"content":{"rendered":"<p style=\"text-align: justify;\"><img loading=\"lazy\" class=\"alignnone size-full wp-image-169130\" src=\"https:\/\/mspontocom.com.br\/site\/wp-content\/uploads\/2022\/03\/site-estados-unidos-pede-exclusao-da-russia-do-g20-biden.jpg\" alt=\"\" width=\"700\" height=\"394\" srcset=\"https:\/\/mspontocom.com.br\/site\/wp-content\/uploads\/2022\/03\/site-estados-unidos-pede-exclusao-da-russia-do-g20-biden.jpg 700w, https:\/\/mspontocom.com.br\/site\/wp-content\/uploads\/2022\/03\/site-estados-unidos-pede-exclusao-da-russia-do-g20-biden-260x146.jpg 260w\" sizes=\"(max-width: 700px) 100vw, 700px\" \/><\/p>\n<p style=\"text-align: justify;\">O presidente dos Estados Unidos, <strong>Joe Biden<\/strong>, afirmou nesta quinta-feira, 24, que apoia uma eventual exclus\u00e3o da <strong>R\u00fassia<\/strong> do G20, grupo que engloba os 19 pa\u00edses mais ricos do mundo.<\/p>\n<p style=\"text-align: justify;\">Ao ser questionado sobre esta possibilidade, o mandat\u00e1rio afirmou que sua resposta \u00e9 \u201csim, depende do G20\u201d.<\/p>\n<p style=\"text-align: justify;\">O l\u00edder da Casa Branca ressaltou que a proposta foi discutida pelo G7\u00a0e pela UE, mas que a medida n\u00e3o ser\u00e1 votada enquanto \u201ca Indon\u00e9sia e outros pa\u00edses\u201d n\u00e3o concordarem com a retirada de Moscou.<\/p>\n<p style=\"text-align: justify;\">O norte-americano tamb\u00e9m disse que um eventual uso de <strong>armas qu\u00edmicas<\/strong> por parte das tropas russas faria com que a <strong>Otan<\/strong> (Organiza\u00e7\u00e3o do Tratado do Atl\u00e2ntico Norte) reagisse.<\/p>\n","protected":false},"excerpt":{"rendered":"<p>O presidente dos Estados Unidos, Joe Biden, afirmou nesta quinta-feira, 24, que apoia uma eventual exclus\u00e3o da R\u00fassia do G20, grupo que engloba os 19 pa\u00edses mais ricos do mundo. Ao ser questionado sobre esta possibilidade, o mandat\u00e1rio afirmou que sua resposta \u00e9 \u201csim, depende do G20\u201d. O l\u00edder da Casa Branca ressaltou que a [&hellip;]<\/p>\n","protected":false},"author":2,"featured_media":169130,"comment_status":"open","ping_status":"open","sticky":false,"template":"","format":"standard","meta":{"_monsterinsights_skip_tracking":false,"_monsterinsights_sitenote_active":false,"_monsterinsights_sitenote_note":"","_monsterinsights_sitenote_category":0},"categories":[7],"tags":[],"aioseo_notices":[],"_links":{"self":[{"href":"https:\/\/mspontocom.com.br\/site\/wp-json\/wp\/v2\/posts\/169121"}],"collection":[{"href":"https:\/\/mspontocom.com.br\/site\/wp-json\/wp\/v2\/posts"}],"about":[{"href":"https:\/\/mspontocom.com.br\/site\/wp-json\/wp\/v2\/types\/post"}],"author":[{"embeddable":true,"href":"https:\/\/mspontocom.com.br\/site\/wp-json\/wp\/v2\/users\/2"}],"replies":[{"embeddable":true,"href":"https:\/\/mspontocom.com.br\/site\/wp-json\/wp\/v2\/comments?post=169121"}],"version-history":[{"count":2,"href":"https:\/\/mspontocom.com.br\/site\/wp-json\/wp\/v2\/posts\/169121\/revisions"}],"predecessor-version":[{"id":169131,"href":"https:\/\/mspontocom.com.br\/site\/wp-json\/wp\/v2\/posts\/169121\/revisions\/169131"}],"wp:featuredmedia":[{"embeddable":true,"href":"https:\/\/mspontocom.com.br\/site\/wp-json\/wp\/v2\/media\/169130"}],"wp:attachment":[{"href":"https:\/\/mspontocom.com.br\/site\/wp-json\/wp\/v2\/media?parent=169121"}],"wp:term":[{"taxonomy":"category","embeddable":true,"href":"https:\/\/mspontocom.com.br\/site\/wp-json\/wp\/v2\/categories?post=169121"},{"taxonomy":"post_tag","embeddable":true,"href":"https:\/\/mspontocom.com.br\/site\/wp-json\/wp\/v2\/tags?post=169121"}],"curies":[{"name":"wp","href":"https:\/\/api.w.org\/{rel}","templated":true}]}}