{"id":169123,"date":"2022-03-25T07:53:51","date_gmt":"2022-03-25T11:53:51","guid":{"rendered":"https:\/\/mspontocom.com.br\/site\/?p=169123"},"modified":"2022-03-25T07:01:22","modified_gmt":"2022-03-25T11:01:22","slug":"para-o-governo-tse-e-maior-adversario-do-que-lula","status":"publish","type":"post","link":"https:\/\/mspontocom.com.br\/site\/para-o-governo-tse-e-maior-adversario-do-que-lula\/","title":{"rendered":"Para o governo, TSE \u00e9 maior advers\u00e1rio do que Lula"},"content":{"rendered":"<p><img loading=\"lazy\" class=\"alignnone size-full wp-image-169136\" src=\"https:\/\/mspontocom.com.br\/site\/wp-content\/uploads\/2022\/03\/site-para-o-governo-tse-e-maior-adversario-do-que-lula-tse-e1648206009363.jpg\" alt=\"\" width=\"477\" height=\"318\" srcset=\"https:\/\/mspontocom.com.br\/site\/wp-content\/uploads\/2022\/03\/site-para-o-governo-tse-e-maior-adversario-do-que-lula-tse-e1648206009363.jpg 477w, https:\/\/mspontocom.com.br\/site\/wp-content\/uploads\/2022\/03\/site-para-o-governo-tse-e-maior-adversario-do-que-lula-tse-e1648206009363-260x173.jpg 260w\" sizes=\"(max-width: 477px) 100vw, 477px\" \/><\/p>\n<p>No governo, o <strong>TSE<\/strong> \u00e9 sempre referido como o<strong> \u201cprincipal advers\u00e1rio\u201d<\/strong> de Bolsonaro na elei\u00e7\u00e3o, e n\u00e3o o ex-presidente e <strong>ex-corrupto Lula.<\/strong><\/p>\n<p>Por isso, o evento deste domingo (27), que em princ\u00edpio marcaria o \u201clan\u00e7amento\u201d da pr\u00e9-candidatura de <strong>Jair Bolsonaro<\/strong> \u00e0 presid\u00eancia da Rep\u00fablica, mudou de denomina\u00e7\u00e3o na \u00faltima hora.<\/p>\n<p>Advert\u00eancias da \u00e1rea jur\u00eddica levaram \u00e0 altera\u00e7\u00e3o para <strong>Encontro Nacional do PL<\/strong> e <strong>Movimento Filia Brasil. <\/strong><\/p>\n<p>A ideia \u00e9 evitar o cancelamento sob alega\u00e7\u00e3o de \u201cpropaganda eleitoral fora de \u00e9poca\u201d, que certamente emplacaria no Tribunal Superior Eleitoral <strong>(TSE).<\/strong><\/p>\n<p>&nbsp;<\/p>\n<p>fontes: Com Tiago Vasconcelos e Andr\u00e9 Brito, coluna Claudio Humberto, Di\u00e1rio do Poder<\/p>\n","protected":false},"excerpt":{"rendered":"<p>No governo, o TSE \u00e9 sempre referido como o \u201cprincipal advers\u00e1rio\u201d de Bolsonaro na elei\u00e7\u00e3o, e n\u00e3o o ex-presidente e ex-corrupto Lula. Por isso, o evento deste domingo (27), que em princ\u00edpio marcaria o \u201clan\u00e7amento\u201d da pr\u00e9-candidatura de Jair Bolsonaro \u00e0 presid\u00eancia da Rep\u00fablica, mudou de denomina\u00e7\u00e3o na \u00faltima hora. Advert\u00eancias da \u00e1rea jur\u00eddica levaram [&hellip;]<\/p>\n","protected":false},"author":2,"featured_media":169136,"comment_status":"open","ping_status":"open","sticky":false,"template":"","format":"standard","meta":{"_monsterinsights_skip_tracking":false,"_monsterinsights_sitenote_active":false,"_monsterinsights_sitenote_note":"","_monsterinsights_sitenote_category":0},"categories":[30260,30259,12],"tags":[],"aioseo_notices":[],"_links":{"self":[{"href":"https:\/\/mspontocom.com.br\/site\/wp-json\/wp\/v2\/posts\/169123"}],"collection":[{"href":"https:\/\/mspontocom.com.br\/site\/wp-json\/wp\/v2\/posts"}],"about":[{"href":"https:\/\/mspontocom.com.br\/site\/wp-json\/wp\/v2\/types\/post"}],"author":[{"embeddable":true,"href":"https:\/\/mspontocom.com.br\/site\/wp-json\/wp\/v2\/users\/2"}],"replies":[{"embeddable":true,"href":"https:\/\/mspontocom.com.br\/site\/wp-json\/wp\/v2\/comments?post=169123"}],"version-history":[{"count":2,"href":"https:\/\/mspontocom.com.br\/site\/wp-json\/wp\/v2\/posts\/169123\/revisions"}],"predecessor-version":[{"id":169137,"href":"https:\/\/mspontocom.com.br\/site\/wp-json\/wp\/v2\/posts\/169123\/revisions\/169137"}],"wp:featuredmedia":[{"embeddable":true,"href":"https:\/\/mspontocom.com.br\/site\/wp-json\/wp\/v2\/media\/169136"}],"wp:attachment":[{"href":"https:\/\/mspontocom.com.br\/site\/wp-json\/wp\/v2\/media?parent=169123"}],"wp:term":[{"taxonomy":"category","embeddable":true,"href":"https:\/\/mspontocom.com.br\/site\/wp-json\/wp\/v2\/categories?post=169123"},{"taxonomy":"post_tag","embeddable":true,"href":"https:\/\/mspontocom.com.br\/site\/wp-json\/wp\/v2\/tags?post=169123"}],"curies":[{"name":"wp","href":"https:\/\/api.w.org\/{rel}","templated":true}]}}