{"id":169183,"date":"2022-03-26T08:26:53","date_gmt":"2022-03-26T12:26:53","guid":{"rendered":"https:\/\/mspontocom.com.br\/site\/?p=169183"},"modified":"2022-03-26T08:26:53","modified_gmt":"2022-03-26T12:26:53","slug":"bolsonaro-pede-no-stf-que-fernando-de-noronha-seja-devolvida-para-a-uniao","status":"publish","type":"post","link":"https:\/\/mspontocom.com.br\/site\/bolsonaro-pede-no-stf-que-fernando-de-noronha-seja-devolvida-para-a-uniao\/","title":{"rendered":"Bolsonaro pede no STF que Fernando de Noronha seja devolvida para a Uni\u00e3o"},"content":{"rendered":"<p class=\"first-paragraph\" style=\"text-align: justify;\"><img loading=\"lazy\" class=\"alignnone size-full wp-image-169184\" src=\"https:\/\/mspontocom.com.br\/site\/wp-content\/uploads\/2022\/03\/site-bolsonaro-pede-no-stf-que-fernando-de-noronha-seja-devolvida-para-a-uniao-noronha.jpg\" alt=\"\" width=\"652\" height=\"408\" srcset=\"https:\/\/mspontocom.com.br\/site\/wp-content\/uploads\/2022\/03\/site-bolsonaro-pede-no-stf-que-fernando-de-noronha-seja-devolvida-para-a-uniao-noronha.jpg 652w, https:\/\/mspontocom.com.br\/site\/wp-content\/uploads\/2022\/03\/site-bolsonaro-pede-no-stf-que-fernando-de-noronha-seja-devolvida-para-a-uniao-noronha-260x163.jpg 260w\" sizes=\"(max-width: 652px) 100vw, 652px\" \/><\/p>\n<p class=\"first-paragraph\" style=\"text-align: justify;\">O governo federal protocolou pedido de liminar em a\u00e7\u00e3o civil ordin\u00e1ria contra o estado de Pernambuco.<\/p>\n<p class=\"first-paragraph\" style=\"text-align: justify;\">O documento enviado para STF\u00a0pede a que a titularidade do arquip\u00e9lago de <strong>Fernando de Noronha<\/strong> seja devolvida \u00e0 Uni\u00e3o.<\/p>\n<p class=\"first-paragraph\" style=\"text-align: justify;\">Em 2020, o presidente <strong>Jair Bolsonaro<\/strong> afirmou que tentaria federalizar o arquip\u00e9lago e que faria da regi\u00e3o um <strong>polo tur\u00edstico mundial.<\/strong><\/p>\n<p style=\"text-align: justify;\">\u201cEu sugeri a gente federalizar Fernando de Noronha, que parece que virou uma ilha de amigos do rei. E o rei n\u00e3o sou eu\u201d, disse na \u00e9poca.<\/p>\n<p style=\"text-align: justify;\">O pedido apresentado \u00a0afirma que<strong> Pernambuco est\u00e1 \u201cdescumprindo os termos do contrato<\/strong> e embara\u00e7ando a atua\u00e7\u00e3o da Secretaria de Coordena\u00e7\u00e3o e Governan\u00e7a do Patrim\u00f4nio da Uni\u00e3o e de \u00f3rg\u00e3os ambientais federais na gest\u00e3o da \u00e1rea\u201d.<\/p>\n","protected":false},"excerpt":{"rendered":"<p>O governo federal protocolou pedido de liminar em a\u00e7\u00e3o civil ordin\u00e1ria contra o estado de Pernambuco. O documento enviado para STF\u00a0pede a que a titularidade do arquip\u00e9lago de Fernando de Noronha seja devolvida \u00e0 Uni\u00e3o. Em 2020, o presidente Jair Bolsonaro afirmou que tentaria federalizar o arquip\u00e9lago e que faria da regi\u00e3o um polo tur\u00edstico [&hellip;]<\/p>\n","protected":false},"author":2,"featured_media":169184,"comment_status":"open","ping_status":"open","sticky":false,"template":"","format":"standard","meta":{"_monsterinsights_skip_tracking":false,"_monsterinsights_sitenote_active":false,"_monsterinsights_sitenote_note":"","_monsterinsights_sitenote_category":0},"categories":[6,30260,30259],"tags":[],"aioseo_notices":[],"_links":{"self":[{"href":"https:\/\/mspontocom.com.br\/site\/wp-json\/wp\/v2\/posts\/169183"}],"collection":[{"href":"https:\/\/mspontocom.com.br\/site\/wp-json\/wp\/v2\/posts"}],"about":[{"href":"https:\/\/mspontocom.com.br\/site\/wp-json\/wp\/v2\/types\/post"}],"author":[{"embeddable":true,"href":"https:\/\/mspontocom.com.br\/site\/wp-json\/wp\/v2\/users\/2"}],"replies":[{"embeddable":true,"href":"https:\/\/mspontocom.com.br\/site\/wp-json\/wp\/v2\/comments?post=169183"}],"version-history":[{"count":1,"href":"https:\/\/mspontocom.com.br\/site\/wp-json\/wp\/v2\/posts\/169183\/revisions"}],"predecessor-version":[{"id":169185,"href":"https:\/\/mspontocom.com.br\/site\/wp-json\/wp\/v2\/posts\/169183\/revisions\/169185"}],"wp:featuredmedia":[{"embeddable":true,"href":"https:\/\/mspontocom.com.br\/site\/wp-json\/wp\/v2\/media\/169184"}],"wp:attachment":[{"href":"https:\/\/mspontocom.com.br\/site\/wp-json\/wp\/v2\/media?parent=169183"}],"wp:term":[{"taxonomy":"category","embeddable":true,"href":"https:\/\/mspontocom.com.br\/site\/wp-json\/wp\/v2\/categories?post=169183"},{"taxonomy":"post_tag","embeddable":true,"href":"https:\/\/mspontocom.com.br\/site\/wp-json\/wp\/v2\/tags?post=169183"}],"curies":[{"name":"wp","href":"https:\/\/api.w.org\/{rel}","templated":true}]}}