{"id":169188,"date":"2022-03-27T06:33:54","date_gmt":"2022-03-27T10:33:54","guid":{"rendered":"https:\/\/mspontocom.com.br\/site\/?p=169188"},"modified":"2022-03-27T06:33:54","modified_gmt":"2022-03-27T10:33:54","slug":"pl-e-bolsonaro-promovem-filia-brasil-para-atrair-filiados-ao-partido","status":"publish","type":"post","link":"https:\/\/mspontocom.com.br\/site\/pl-e-bolsonaro-promovem-filia-brasil-para-atrair-filiados-ao-partido\/","title":{"rendered":"PL e Bolsonaro promovem \u2018Filia, Brasil\u2019 para atrair filiados ao partido"},"content":{"rendered":"<p style=\"text-align: justify;\"><img loading=\"lazy\" class=\"alignnone size-full wp-image-169202\" src=\"https:\/\/mspontocom.com.br\/site\/wp-content\/uploads\/2022\/03\/site-pl-e-bolsonaro-promovem-filia-brasil-para-atrair-filiados-ao-partido-filia.jpg\" alt=\"\" width=\"598\" height=\"315\" srcset=\"https:\/\/mspontocom.com.br\/site\/wp-content\/uploads\/2022\/03\/site-pl-e-bolsonaro-promovem-filia-brasil-para-atrair-filiados-ao-partido-filia.jpg 598w, https:\/\/mspontocom.com.br\/site\/wp-content\/uploads\/2022\/03\/site-pl-e-bolsonaro-promovem-filia-brasil-para-atrair-filiados-ao-partido-filia-260x137.jpg 260w\" sizes=\"(max-width: 598px) 100vw, 598px\" \/><\/p>\n<p style=\"text-align: justify;\">O Partido Liberal (PL), do presidente <strong>Jair Bolsonaro<\/strong>, realiza neste domingo (27), a partir das 10h, no Centro Internacional de Conven\u00e7\u00f5es de Bras\u00edlia (CICB). o lan\u00e7amento do movimento <strong>\u201cFilia, Brasil \u2013 \u00e9 com ele que eu vou\u201d<\/strong>, com o objetivo de atrair o maior n\u00famero poss\u00edvel de filiados \u00e0 sigla.<\/p>\n<p style=\"text-align: justify;\">Estava previsto para o lan\u00e7amento da pr\u00e9-candidatura de Bolsonaro \u00e0 reelei\u00e7\u00e3o, mas, para evitar acusa\u00e7\u00f5es de campanha fora de \u00e9poca, optou-se por transformar o evento em um Encontro Nacional do PL para estimular filia\u00e7\u00f5es.<\/p>\n<p style=\"text-align: justify;\">Apesar da mudan\u00e7a, o presidente da Rep\u00fablica estar\u00e1 presente e se espera que ele venha a ser apontado pr\u00e9-candidato por aclama\u00e7\u00e3o, sem caracterizar campanha fora de \u00e9poca.<\/p>\n<p style=\"text-align: justify;\">Apoiadores de Bolsonaro reclamam que o pr\u00e9-candidato do PT, ex-presidente <strong>Lula<\/strong>, vem realizando com\u00edcios eleitorais em diversas cidades brasileiras sob pretextos variados, sem qualquer risco de ser acusado de realizar campanhas fora de \u00e9poca.<\/p>\n<p style=\"text-align: justify;\">\n","protected":false},"excerpt":{"rendered":"<p>O Partido Liberal (PL), do presidente Jair Bolsonaro, realiza neste domingo (27), a partir das 10h, no Centro Internacional de Conven\u00e7\u00f5es de Bras\u00edlia (CICB). o lan\u00e7amento do movimento \u201cFilia, Brasil \u2013 \u00e9 com ele que eu vou\u201d, com o objetivo de atrair o maior n\u00famero poss\u00edvel de filiados \u00e0 sigla. Estava previsto para o lan\u00e7amento [&hellip;]<\/p>\n","protected":false},"author":2,"featured_media":169202,"comment_status":"open","ping_status":"open","sticky":false,"template":"","format":"standard","meta":{"_monsterinsights_skip_tracking":false,"_monsterinsights_sitenote_active":false,"_monsterinsights_sitenote_note":"","_monsterinsights_sitenote_category":0},"categories":[30260,30259,12],"tags":[],"aioseo_notices":[],"_links":{"self":[{"href":"https:\/\/mspontocom.com.br\/site\/wp-json\/wp\/v2\/posts\/169188"}],"collection":[{"href":"https:\/\/mspontocom.com.br\/site\/wp-json\/wp\/v2\/posts"}],"about":[{"href":"https:\/\/mspontocom.com.br\/site\/wp-json\/wp\/v2\/types\/post"}],"author":[{"embeddable":true,"href":"https:\/\/mspontocom.com.br\/site\/wp-json\/wp\/v2\/users\/2"}],"replies":[{"embeddable":true,"href":"https:\/\/mspontocom.com.br\/site\/wp-json\/wp\/v2\/comments?post=169188"}],"version-history":[{"count":2,"href":"https:\/\/mspontocom.com.br\/site\/wp-json\/wp\/v2\/posts\/169188\/revisions"}],"predecessor-version":[{"id":169203,"href":"https:\/\/mspontocom.com.br\/site\/wp-json\/wp\/v2\/posts\/169188\/revisions\/169203"}],"wp:featuredmedia":[{"embeddable":true,"href":"https:\/\/mspontocom.com.br\/site\/wp-json\/wp\/v2\/media\/169202"}],"wp:attachment":[{"href":"https:\/\/mspontocom.com.br\/site\/wp-json\/wp\/v2\/media?parent=169188"}],"wp:term":[{"taxonomy":"category","embeddable":true,"href":"https:\/\/mspontocom.com.br\/site\/wp-json\/wp\/v2\/categories?post=169188"},{"taxonomy":"post_tag","embeddable":true,"href":"https:\/\/mspontocom.com.br\/site\/wp-json\/wp\/v2\/tags?post=169188"}],"curies":[{"name":"wp","href":"https:\/\/api.w.org\/{rel}","templated":true}]}}