{"id":169196,"date":"2022-03-27T06:42:48","date_gmt":"2022-03-27T10:42:48","guid":{"rendered":"https:\/\/mspontocom.com.br\/site\/?p=169196"},"modified":"2022-03-27T06:42:48","modified_gmt":"2022-03-27T10:42:48","slug":"space-foundation-decide-cancelar-astronauta-russo-yuri-gagarin","status":"publish","type":"post","link":"https:\/\/mspontocom.com.br\/site\/space-foundation-decide-cancelar-astronauta-russo-yuri-gagarin\/","title":{"rendered":"Space Foundation decide cancelar astronauta russo Yuri Gagarin"},"content":{"rendered":"<p style=\"text-align: justify;\"><img loading=\"lazy\" class=\"alignnone size-large wp-image-169204\" src=\"https:\/\/mspontocom.com.br\/site\/wp-content\/uploads\/2022\/03\/site-space-foundation-decide-cancelar-astronauta-russo-yuri-gagarin-iuri-e1648377695505-1024x665.jpg\" alt=\"\" width=\"1024\" height=\"665\" srcset=\"https:\/\/mspontocom.com.br\/site\/wp-content\/uploads\/2022\/03\/site-space-foundation-decide-cancelar-astronauta-russo-yuri-gagarin-iuri-e1648377695505-1024x665.jpg 1024w, https:\/\/mspontocom.com.br\/site\/wp-content\/uploads\/2022\/03\/site-space-foundation-decide-cancelar-astronauta-russo-yuri-gagarin-iuri-e1648377695505-260x169.jpg 260w, https:\/\/mspontocom.com.br\/site\/wp-content\/uploads\/2022\/03\/site-space-foundation-decide-cancelar-astronauta-russo-yuri-gagarin-iuri-e1648377695505-768x499.jpg 768w, https:\/\/mspontocom.com.br\/site\/wp-content\/uploads\/2022\/03\/site-space-foundation-decide-cancelar-astronauta-russo-yuri-gagarin-iuri-e1648377695505.jpg 1411w\" sizes=\"(max-width: 1024px) 100vw, 1024px\" \/>Conhecido nos \u00faltimos sete anos como<strong> \u201cNoite do Yuri\u201d<\/strong>, o famoso evento da <strong>Space Foundation<\/strong> vai ter outro nome: \u201cUma Celebra\u00e7\u00e3o do Espa\u00e7o: descubra o que vem a seguir\u201d.<\/p>\n<p style=\"text-align: justify;\">A decis\u00e3o se deu em virtude de o astronauta<strong> Yuri Gagarin<\/strong>, que empresta o nome \u00e0 celebra\u00e7\u00e3o, ser russo, informou a revista\u00a0<em>Vanity Fair.<\/em><\/p>\n<p style=\"text-align: justify;\">\u201cA mudan\u00e7a ocorreu por causa dos acontecimentos mundiais da atualidade\u201d, justificou a Space Foundation, uma refer\u00eancia \u00e0 <strong>guerra na Ucr\u00e2nia,<\/strong> promovida pela invas\u00e3o russa.<\/p>\n<p style=\"text-align: justify;\">Brendan O\u2019Neill, rep\u00f3rter-chefe da revista brit\u00e2nica\u00a0<em>Spiked\u00a0<\/em>e colunista da Revista\u00a0<strong>Oeste<\/strong>, chamou o ato de \u201cforma de cancelamento hist\u00e9rico anti-R\u00fassia\u201d, em artigo publicado na\u00a0<strong>Oeste<\/strong>.<\/p>\n","protected":false},"excerpt":{"rendered":"<p>Conhecido nos \u00faltimos sete anos como \u201cNoite do Yuri\u201d, o famoso evento da Space Foundation vai ter outro nome: \u201cUma Celebra\u00e7\u00e3o do Espa\u00e7o: descubra o que vem a seguir\u201d. A decis\u00e3o se deu em virtude de o astronauta Yuri Gagarin, que empresta o nome \u00e0 celebra\u00e7\u00e3o, ser russo, informou a revista\u00a0Vanity Fair. \u201cA mudan\u00e7a ocorreu [&hellip;]<\/p>\n","protected":false},"author":2,"featured_media":169204,"comment_status":"open","ping_status":"open","sticky":false,"template":"","format":"standard","meta":{"_monsterinsights_skip_tracking":false,"_monsterinsights_sitenote_active":false,"_monsterinsights_sitenote_note":"","_monsterinsights_sitenote_category":0},"categories":[7],"tags":[],"aioseo_notices":[],"_links":{"self":[{"href":"https:\/\/mspontocom.com.br\/site\/wp-json\/wp\/v2\/posts\/169196"}],"collection":[{"href":"https:\/\/mspontocom.com.br\/site\/wp-json\/wp\/v2\/posts"}],"about":[{"href":"https:\/\/mspontocom.com.br\/site\/wp-json\/wp\/v2\/types\/post"}],"author":[{"embeddable":true,"href":"https:\/\/mspontocom.com.br\/site\/wp-json\/wp\/v2\/users\/2"}],"replies":[{"embeddable":true,"href":"https:\/\/mspontocom.com.br\/site\/wp-json\/wp\/v2\/comments?post=169196"}],"version-history":[{"count":2,"href":"https:\/\/mspontocom.com.br\/site\/wp-json\/wp\/v2\/posts\/169196\/revisions"}],"predecessor-version":[{"id":169205,"href":"https:\/\/mspontocom.com.br\/site\/wp-json\/wp\/v2\/posts\/169196\/revisions\/169205"}],"wp:featuredmedia":[{"embeddable":true,"href":"https:\/\/mspontocom.com.br\/site\/wp-json\/wp\/v2\/media\/169204"}],"wp:attachment":[{"href":"https:\/\/mspontocom.com.br\/site\/wp-json\/wp\/v2\/media?parent=169196"}],"wp:term":[{"taxonomy":"category","embeddable":true,"href":"https:\/\/mspontocom.com.br\/site\/wp-json\/wp\/v2\/categories?post=169196"},{"taxonomy":"post_tag","embeddable":true,"href":"https:\/\/mspontocom.com.br\/site\/wp-json\/wp\/v2\/tags?post=169196"}],"curies":[{"name":"wp","href":"https:\/\/api.w.org\/{rel}","templated":true}]}}