{"id":169215,"date":"2022-03-28T05:52:42","date_gmt":"2022-03-28T09:52:42","guid":{"rendered":"https:\/\/mspontocom.com.br\/site\/?p=169215"},"modified":"2022-03-28T05:52:42","modified_gmt":"2022-03-28T09:52:42","slug":"bolsonaro-diz-que-pesquisa-mentirosa-nao-ganhara-a-eleicao","status":"publish","type":"post","link":"https:\/\/mspontocom.com.br\/site\/bolsonaro-diz-que-pesquisa-mentirosa-nao-ganhara-a-eleicao\/","title":{"rendered":"Bolsonaro diz que \u201cpesquisa mentirosa\u201d n\u00e3o ganhar\u00e1 a elei\u00e7\u00e3o"},"content":{"rendered":"<p style=\"text-align: justify;\"><img loading=\"lazy\" class=\"alignnone size-full wp-image-169230\" src=\"https:\/\/mspontocom.com.br\/site\/wp-content\/uploads\/2022\/03\/site-bolsonaro-diz-que-pesquisa-mentirosa-nao-ganhara-a-eleicao-bolsonaro-bravo-e1648461047351.jpg\" alt=\"\" width=\"607\" height=\"322\" srcset=\"https:\/\/mspontocom.com.br\/site\/wp-content\/uploads\/2022\/03\/site-bolsonaro-diz-que-pesquisa-mentirosa-nao-ganhara-a-eleicao-bolsonaro-bravo-e1648461047351.jpg 607w, https:\/\/mspontocom.com.br\/site\/wp-content\/uploads\/2022\/03\/site-bolsonaro-diz-que-pesquisa-mentirosa-nao-ganhara-a-eleicao-bolsonaro-bravo-e1648461047351-260x138.jpg 260w\" sizes=\"(max-width: 607px) 100vw, 607px\" \/><\/p>\n<p style=\"text-align: justify;\">O presidente <strong>Jair Bolsonaro<\/strong> disse neste domingo\u00a0 que <strong>\u201cuma pesquisa mentirosa\u201d<\/strong> n\u00e3o ganhar\u00e1 a elei\u00e7\u00e3o.<\/p>\n<p style=\"text-align: justify;\">Em discurso durante evento do Partido Liberal (PL), o presidente disse que o inimigo do Brasil \u00e9 interno e que a disputa n\u00e3o \u00e9 \u201cesquerda contra direita\u201d e sim do \u201cbem contra o mal\u201d.<\/p>\n<p style=\"text-align: justify;\">\u201cUma pesquisa mentirosa publicada mil vezes n\u00e3o far\u00e1 um presidente da rep\u00fablica\u201d, declarou.<\/p>\n<p style=\"text-align: justify;\">\u201cO nosso inimigo n\u00e3o \u00e9 externo, \u00e9 interno. <strong>N\u00e3o \u00e9 uma luta da esquerda contra a direita, \u00e9 uma luta do bem contra o mal.<\/strong> E n\u00f3s vamos vencer essa luta. Porque eu estarei sempre na frente de voc\u00eas. Voc\u00eas nos fortalecem.\u201d<\/p>\n","protected":false},"excerpt":{"rendered":"<p>O presidente Jair Bolsonaro disse neste domingo\u00a0 que \u201cuma pesquisa mentirosa\u201d n\u00e3o ganhar\u00e1 a elei\u00e7\u00e3o. Em discurso durante evento do Partido Liberal (PL), o presidente disse que o inimigo do Brasil \u00e9 interno e que a disputa n\u00e3o \u00e9 \u201cesquerda contra direita\u201d e sim do \u201cbem contra o mal\u201d. \u201cUma pesquisa mentirosa publicada mil vezes [&hellip;]<\/p>\n","protected":false},"author":2,"featured_media":169230,"comment_status":"open","ping_status":"open","sticky":false,"template":"","format":"standard","meta":{"_monsterinsights_skip_tracking":false,"_monsterinsights_sitenote_active":false,"_monsterinsights_sitenote_note":"","_monsterinsights_sitenote_category":0},"categories":[30260,30259,12],"tags":[],"aioseo_notices":[],"_links":{"self":[{"href":"https:\/\/mspontocom.com.br\/site\/wp-json\/wp\/v2\/posts\/169215"}],"collection":[{"href":"https:\/\/mspontocom.com.br\/site\/wp-json\/wp\/v2\/posts"}],"about":[{"href":"https:\/\/mspontocom.com.br\/site\/wp-json\/wp\/v2\/types\/post"}],"author":[{"embeddable":true,"href":"https:\/\/mspontocom.com.br\/site\/wp-json\/wp\/v2\/users\/2"}],"replies":[{"embeddable":true,"href":"https:\/\/mspontocom.com.br\/site\/wp-json\/wp\/v2\/comments?post=169215"}],"version-history":[{"count":2,"href":"https:\/\/mspontocom.com.br\/site\/wp-json\/wp\/v2\/posts\/169215\/revisions"}],"predecessor-version":[{"id":169231,"href":"https:\/\/mspontocom.com.br\/site\/wp-json\/wp\/v2\/posts\/169215\/revisions\/169231"}],"wp:featuredmedia":[{"embeddable":true,"href":"https:\/\/mspontocom.com.br\/site\/wp-json\/wp\/v2\/media\/169230"}],"wp:attachment":[{"href":"https:\/\/mspontocom.com.br\/site\/wp-json\/wp\/v2\/media?parent=169215"}],"wp:term":[{"taxonomy":"category","embeddable":true,"href":"https:\/\/mspontocom.com.br\/site\/wp-json\/wp\/v2\/categories?post=169215"},{"taxonomy":"post_tag","embeddable":true,"href":"https:\/\/mspontocom.com.br\/site\/wp-json\/wp\/v2\/tags?post=169215"}],"curies":[{"name":"wp","href":"https:\/\/api.w.org\/{rel}","templated":true}]}}