{"id":169219,"date":"2022-03-28T05:22:03","date_gmt":"2022-03-28T09:22:03","guid":{"rendered":"https:\/\/mspontocom.com.br\/site\/?p=169219"},"modified":"2022-03-28T06:26:26","modified_gmt":"2022-03-28T10:26:26","slug":"ucrania-acusa-russia-de-querer-dividir-o-pais","status":"publish","type":"post","link":"https:\/\/mspontocom.com.br\/site\/ucrania-acusa-russia-de-querer-dividir-o-pais\/","title":{"rendered":"Ucr\u00e2nia acusa R\u00fassia de querer dividir o pa\u00eds"},"content":{"rendered":"<p><img loading=\"lazy\" class=\"size-full wp-image-169239\" src=\"https:\/\/mspontocom.com.br\/site\/wp-content\/uploads\/2022\/03\/site-ucrania-acusa-russia-de-querer-dividir-o-pais-ze.jpeg\" alt=\"\" width=\"800\" height=\"533\" srcset=\"https:\/\/mspontocom.com.br\/site\/wp-content\/uploads\/2022\/03\/site-ucrania-acusa-russia-de-querer-dividir-o-pais-ze.jpeg 800w, https:\/\/mspontocom.com.br\/site\/wp-content\/uploads\/2022\/03\/site-ucrania-acusa-russia-de-querer-dividir-o-pais-ze-260x173.jpeg 260w, https:\/\/mspontocom.com.br\/site\/wp-content\/uploads\/2022\/03\/site-ucrania-acusa-russia-de-querer-dividir-o-pais-ze-768x512.jpeg 768w\" sizes=\"(max-width: 800px) 100vw, 800px\" \/><\/p>\n<p><span style=\"text-align: justify; font-size: 16px;\">Os conflitos entre a <\/span><strong style=\"text-align: justify; font-size: 16px;\">R\u00fassia e a Ucr\u00e2nia<\/strong><span style=\"text-align: justify; font-size: 16px;\"> entram no 32\u00ba dia neste domingo.<\/span><\/p>\n<p style=\"text-align: justify;\">Kyrylo Budanov, chefe da intelig\u00eancia militar ucraniana, disse que os russos buscam <strong>dividir o territ\u00f3rio<\/strong> ucraniano em 2, em uma <strong>\u201ctentativa de criar as Coreias do Norte e do Sul na<\/strong><strong> Ucr\u00e2nia\u201d. <\/strong><\/p>\n<p style=\"text-align: justify;\"><strong>ZELENSKY <\/strong><\/p>\n<p style=\"text-align: justify;\">O presidente ucraniano,\u00a0Volodymyr Zelensky, pediu que os parceiros internacionais intensifiquem a assist\u00eancia militar \u00e0\u00a0Ucr\u00e2nia.<\/p>\n<p style=\"text-align: justify;\">O l\u00edder disse querer apenas 1% dos tanques e avi\u00f5es da\u00a0Otan.<\/p>\n<p>Segundo Zelensky, \u201ca Ucr\u00e2nia n\u00e3o pode derrubar m\u00edsseis russos usando espingardas e metralhadoras, que est\u00e3o em excesso\u201d.<\/p>\n","protected":false},"excerpt":{"rendered":"<p>Os conflitos entre a R\u00fassia e a Ucr\u00e2nia entram no 32\u00ba dia neste domingo. Kyrylo Budanov, chefe da intelig\u00eancia militar ucraniana, disse que os russos buscam dividir o territ\u00f3rio ucraniano em 2, em uma \u201ctentativa de criar as Coreias do Norte e do Sul na Ucr\u00e2nia\u201d. ZELENSKY O presidente ucraniano,\u00a0Volodymyr Zelensky, pediu que os parceiros [&hellip;]<\/p>\n","protected":false},"author":2,"featured_media":169239,"comment_status":"open","ping_status":"open","sticky":false,"template":"","format":"standard","meta":{"_monsterinsights_skip_tracking":false,"_monsterinsights_sitenote_active":false,"_monsterinsights_sitenote_note":"","_monsterinsights_sitenote_category":0},"categories":[7],"tags":[],"aioseo_notices":[],"_links":{"self":[{"href":"https:\/\/mspontocom.com.br\/site\/wp-json\/wp\/v2\/posts\/169219"}],"collection":[{"href":"https:\/\/mspontocom.com.br\/site\/wp-json\/wp\/v2\/posts"}],"about":[{"href":"https:\/\/mspontocom.com.br\/site\/wp-json\/wp\/v2\/types\/post"}],"author":[{"embeddable":true,"href":"https:\/\/mspontocom.com.br\/site\/wp-json\/wp\/v2\/users\/2"}],"replies":[{"embeddable":true,"href":"https:\/\/mspontocom.com.br\/site\/wp-json\/wp\/v2\/comments?post=169219"}],"version-history":[{"count":2,"href":"https:\/\/mspontocom.com.br\/site\/wp-json\/wp\/v2\/posts\/169219\/revisions"}],"predecessor-version":[{"id":169240,"href":"https:\/\/mspontocom.com.br\/site\/wp-json\/wp\/v2\/posts\/169219\/revisions\/169240"}],"wp:featuredmedia":[{"embeddable":true,"href":"https:\/\/mspontocom.com.br\/site\/wp-json\/wp\/v2\/media\/169239"}],"wp:attachment":[{"href":"https:\/\/mspontocom.com.br\/site\/wp-json\/wp\/v2\/media?parent=169219"}],"wp:term":[{"taxonomy":"category","embeddable":true,"href":"https:\/\/mspontocom.com.br\/site\/wp-json\/wp\/v2\/categories?post=169219"},{"taxonomy":"post_tag","embeddable":true,"href":"https:\/\/mspontocom.com.br\/site\/wp-json\/wp\/v2\/tags?post=169219"}],"curies":[{"name":"wp","href":"https:\/\/api.w.org\/{rel}","templated":true}]}}