{"id":169221,"date":"2022-03-28T09:18:07","date_gmt":"2022-03-28T13:18:07","guid":{"rendered":"https:\/\/mspontocom.com.br\/site\/?p=169221"},"modified":"2022-03-28T09:18:07","modified_gmt":"2022-03-28T13:18:07","slug":"stf-passou-a-interpretar-como-quer-a-constituicao-diz-gandra-martins","status":"publish","type":"post","link":"https:\/\/mspontocom.com.br\/site\/stf-passou-a-interpretar-como-quer-a-constituicao-diz-gandra-martins\/","title":{"rendered":"STF passou a interpretar como quer a Constitui\u00e7\u00e3o, diz Gandra Martins"},"content":{"rendered":"<p style=\"text-align: justify;\"><img loading=\"lazy\" class=\"alignnone size-large wp-image-169249\" src=\"https:\/\/mspontocom.com.br\/site\/wp-content\/uploads\/2022\/03\/site-udiciario-passou-a-interpretar-como-quer-a-constituicao-diz-ives-gandra-martins-stf1-1024x576.jpg\" alt=\"\" width=\"1024\" height=\"576\" \/>O\u00a0Judici\u00e1rio brasileiro\u00a0contraria o que foi deliberado na Constituinte e<strong> passou a predominar sobre os outros Poderes da Rep\u00fablica,<\/strong> segundo o jurista\u00a0<a href=\"https:\/\/jovempan.com.br\/tag\/ives-gandra-martins\" target=\"_blank\" rel=\"noopener noreferrer\"><strong>Ives Gandra Martins<\/strong><\/a>.<\/p>\n<p style=\"text-align: justify;\">O professor e escritor faz ressalvas em rela\u00e7\u00e3o \u00e0s decis\u00f5es recentes da Corte.<\/p>\n<p style=\"text-align: justify;\">\u201cEu entendo que h\u00e1 um <strong>ativismo judicial<\/strong> que faz com que o Supremo decida o que \u00e9 certo e errado, puna quem ele quiser, da maneira que quiser\u201d, afirmou em entrevista ao site da<strong>\u00a0Jovem Pan<\/strong>.<\/p>\n<p style=\"text-align: justify;\">Sobre as elei\u00e7\u00f5es que se aproximam, Gandra Martins diz acreditar que o brasileiro ver\u00e1 uma campanha \u201cagressiva\u201d de todos os lados, e prev\u00ea que o ministro <strong>Alexandre de Moraes\u00a0<\/strong>ter\u00e1 um grande trabalho na presid\u00eancia do Tribunal Superior Eleitoral <strong>(TSE<\/strong>) a partir de agosto, quando assume o cargo.<\/p>\n<p style=\"text-align: justify;\">\u201cNunca chegamos a um n\u00edvel de debate e de agress\u00f5es m\u00fatuas t\u00e3o grandes como o que estamos visualizando agora\u201d, finalizou o jurista<\/p>\n","protected":false},"excerpt":{"rendered":"<p>O\u00a0Judici\u00e1rio brasileiro\u00a0contraria o que foi deliberado na Constituinte e passou a predominar sobre os outros Poderes da Rep\u00fablica, segundo o jurista\u00a0Ives Gandra Martins. O professor e escritor faz ressalvas em rela\u00e7\u00e3o \u00e0s decis\u00f5es recentes da Corte. \u201cEu entendo que h\u00e1 um ativismo judicial que faz com que o Supremo decida o que \u00e9 certo e [&hellip;]<\/p>\n","protected":false},"author":2,"featured_media":169249,"comment_status":"open","ping_status":"open","sticky":false,"template":"","format":"standard","meta":{"_monsterinsights_skip_tracking":false,"_monsterinsights_sitenote_active":false,"_monsterinsights_sitenote_note":"","_monsterinsights_sitenote_category":0},"categories":[2528],"tags":[],"aioseo_notices":[],"_links":{"self":[{"href":"https:\/\/mspontocom.com.br\/site\/wp-json\/wp\/v2\/posts\/169221"}],"collection":[{"href":"https:\/\/mspontocom.com.br\/site\/wp-json\/wp\/v2\/posts"}],"about":[{"href":"https:\/\/mspontocom.com.br\/site\/wp-json\/wp\/v2\/types\/post"}],"author":[{"embeddable":true,"href":"https:\/\/mspontocom.com.br\/site\/wp-json\/wp\/v2\/users\/2"}],"replies":[{"embeddable":true,"href":"https:\/\/mspontocom.com.br\/site\/wp-json\/wp\/v2\/comments?post=169221"}],"version-history":[{"count":2,"href":"https:\/\/mspontocom.com.br\/site\/wp-json\/wp\/v2\/posts\/169221\/revisions"}],"predecessor-version":[{"id":169250,"href":"https:\/\/mspontocom.com.br\/site\/wp-json\/wp\/v2\/posts\/169221\/revisions\/169250"}],"wp:featuredmedia":[{"embeddable":true,"href":"https:\/\/mspontocom.com.br\/site\/wp-json\/wp\/v2\/media\/169249"}],"wp:attachment":[{"href":"https:\/\/mspontocom.com.br\/site\/wp-json\/wp\/v2\/media?parent=169221"}],"wp:term":[{"taxonomy":"category","embeddable":true,"href":"https:\/\/mspontocom.com.br\/site\/wp-json\/wp\/v2\/categories?post=169221"},{"taxonomy":"post_tag","embeddable":true,"href":"https:\/\/mspontocom.com.br\/site\/wp-json\/wp\/v2\/tags?post=169221"}],"curies":[{"name":"wp","href":"https:\/\/api.w.org\/{rel}","templated":true}]}}