{"id":169259,"date":"2022-03-29T06:12:35","date_gmt":"2022-03-29T10:12:35","guid":{"rendered":"https:\/\/mspontocom.com.br\/site\/?p=169259"},"modified":"2022-03-29T06:12:35","modified_gmt":"2022-03-29T10:12:35","slug":"damares-se-filia-ao-republicamos-e-reforca-pauta-conservadora","status":"publish","type":"post","link":"https:\/\/mspontocom.com.br\/site\/damares-se-filia-ao-republicamos-e-reforca-pauta-conservadora\/","title":{"rendered":"Damares se filia ao Republicamos e refor\u00e7a pauta conservadora"},"content":{"rendered":"<p class=\"first-paragraph\" style=\"text-align: justify;\"><img loading=\"lazy\" class=\"alignnone size-large wp-image-169267\" src=\"https:\/\/mspontocom.com.br\/site\/wp-content\/uploads\/2022\/03\/site-damares-se-filia-ao-republicamos-e-reforca-pauta-conservadora-damares-1024x492.jpeg\" alt=\"\" width=\"1024\" height=\"492\" \/>A ministra da Mulher, Fam\u00edlia e dos Direitos Humanos, <strong>Damares Alves<\/strong>, se filiou ao Republicanos.<\/p>\n<p class=\"first-paragraph\" style=\"text-align: justify;\">Em seu discurso de filia\u00e7\u00e3o, reafirmou a defesa de <strong>pautas conservadoras<\/strong> em diversos momentos, evocando o lema bolsonarista \u201cDeus, p\u00e1tria, fam\u00edlia e liberdade\u201d.<\/p>\n<p class=\"first-paragraph\" style=\"text-align: justify;\">Com a entrada na legenda, a ministra planeja dar in\u00edcio a sua candidatura para uma vaga no Senado pelo <strong>Amap\u00e1.\u00a0<\/strong><\/p>\n<p style=\"text-align: justify;\">A ministra se referiu \u00e0 base de apoio\u00a0do presidente <strong>Jair Bolsonaro<\/strong> como uma \u201conda verde e amarela\u201d acima dos partidos, e alegou que \u201cnosso presidente da Rep\u00fablica sabe que esta onda est\u00e1 crescendo\u201d, e usou a deixa para reafirmar a <strong>oposi\u00e7\u00e3o ao aborto<\/strong>, afirmando que \u201cn\u00f3s queremos uma na\u00e7\u00e3o conservadora, que defende a vida desde a concep\u00e7\u00e3o\u201d.<\/p>\n<p>&nbsp;<\/p>\n","protected":false},"excerpt":{"rendered":"<p>A ministra da Mulher, Fam\u00edlia e dos Direitos Humanos, Damares Alves, se filiou ao Republicanos. Em seu discurso de filia\u00e7\u00e3o, reafirmou a defesa de pautas conservadoras em diversos momentos, evocando o lema bolsonarista \u201cDeus, p\u00e1tria, fam\u00edlia e liberdade\u201d. Com a entrada na legenda, a ministra planeja dar in\u00edcio a sua candidatura para uma vaga no [&hellip;]<\/p>\n","protected":false},"author":2,"featured_media":169267,"comment_status":"open","ping_status":"open","sticky":false,"template":"","format":"standard","meta":{"_monsterinsights_skip_tracking":false,"_monsterinsights_sitenote_active":false,"_monsterinsights_sitenote_note":"","_monsterinsights_sitenote_category":0},"categories":[30260,30259,12],"tags":[],"aioseo_notices":[],"_links":{"self":[{"href":"https:\/\/mspontocom.com.br\/site\/wp-json\/wp\/v2\/posts\/169259"}],"collection":[{"href":"https:\/\/mspontocom.com.br\/site\/wp-json\/wp\/v2\/posts"}],"about":[{"href":"https:\/\/mspontocom.com.br\/site\/wp-json\/wp\/v2\/types\/post"}],"author":[{"embeddable":true,"href":"https:\/\/mspontocom.com.br\/site\/wp-json\/wp\/v2\/users\/2"}],"replies":[{"embeddable":true,"href":"https:\/\/mspontocom.com.br\/site\/wp-json\/wp\/v2\/comments?post=169259"}],"version-history":[{"count":2,"href":"https:\/\/mspontocom.com.br\/site\/wp-json\/wp\/v2\/posts\/169259\/revisions"}],"predecessor-version":[{"id":169268,"href":"https:\/\/mspontocom.com.br\/site\/wp-json\/wp\/v2\/posts\/169259\/revisions\/169268"}],"wp:featuredmedia":[{"embeddable":true,"href":"https:\/\/mspontocom.com.br\/site\/wp-json\/wp\/v2\/media\/169267"}],"wp:attachment":[{"href":"https:\/\/mspontocom.com.br\/site\/wp-json\/wp\/v2\/media?parent=169259"}],"wp:term":[{"taxonomy":"category","embeddable":true,"href":"https:\/\/mspontocom.com.br\/site\/wp-json\/wp\/v2\/categories?post=169259"},{"taxonomy":"post_tag","embeddable":true,"href":"https:\/\/mspontocom.com.br\/site\/wp-json\/wp\/v2\/tags?post=169259"}],"curies":[{"name":"wp","href":"https:\/\/api.w.org\/{rel}","templated":true}]}}